{"id":1958,"date":"2025-04-03T07:20:16","date_gmt":"2025-04-03T07:20:16","guid":{"rendered":"https:\/\/ekosspiritus.hr\/?p=1958"},"modified":"2025-04-03T11:50:10","modified_gmt":"2025-04-03T11:50:10","slug":"raspored-polazaka-autobusa-za-75-planinarski-krizni-put","status":"publish","type":"post","link":"https:\/\/ekosspiritus.hr\/index.php\/2025\/04\/03\/raspored-polazaka-autobusa-za-75-planinarski-krizni-put\/","title":{"rendered":"RASPORED POLAZAKA AUTOBUSA ZA 75. Planinarski kri\u017eni put"},"content":{"rendered":"\n<p>Po\u0161tovani hodo\u010dasnici!<br>Prona\u0111ite svoje ime na popisu i u skladu s tim pri\u010dekajte autobus (jer on ne\u0107e \u010dekati vas) na navedenim mjestima.<br>Radujemo se jo\u0161 jednom pohodu Planinarskog kri\u017enog puta i milostima koje \u0107e nam donijeti.<br>Ako jo\u0161 postoje neka neodgovorena pitanja, javite se na mail: pkp.ideeemo@gmail.com<br>Vidimo se uskoro!<\/p>\n\n\n\n<p>AUTOBUS BROJ 1<br>Mateja \u0160kledar, voditelj (098\/909-7338)<br>Sesvete (autobusna stanica ispod crkve u pravcu Zagreba) u 5:30h<br>Nacionalna sveu\u010dili\u0161na biblioteka u 6:00h<\/p>\n\n\n\n<ol class=\"wp-block-list\">\n<li>Mateja \u0160kledar<\/li>\n\n\n\n<li>Marta \u0160kledar<\/li>\n\n\n\n<li>Mirjana Bukovec<\/li>\n\n\n\n<li>Ljerka Dragija<\/li>\n\n\n\n<li>Marin Babin<\/li>\n\n\n\n<li>Marina Marinovi\u0107 Stjepi\u0107<\/li>\n\n\n\n<li>Sla\u0111an Stjepi\u0107<\/li>\n\n\n\n<li>Mijana \u0160imuni\u0107<\/li>\n\n\n\n<li>Suzana Vidovi\u0107<\/li>\n\n\n\n<li>\u017deljka Juri\u0107<\/li>\n\n\n\n<li>Ana Nasteski<\/li>\n\n\n\n<li>Josip Dini\u0107<\/li>\n\n\n\n<li>Mihael Barun<\/li>\n\n\n\n<li>Mislav Bla\u017eevi\u0107<\/li>\n\n\n\n<li>Petra \u0160imi\u0107<\/li>\n\n\n\n<li>Helena Buljan<\/li>\n\n\n\n<li>Sandra \u010culjak<\/li>\n\n\n\n<li>Josipa \u010cosi\u0107<\/li>\n\n\n\n<li>Tea \u010cosi\u0107<\/li>\n\n\n\n<li>Zorica Sedli\u0107<\/li>\n\n\n\n<li>Jelena Vuljan<\/li>\n\n\n\n<li>Mate Devi\u0107<\/li>\n\n\n\n<li>Stjepan Petek<\/li>\n\n\n\n<li>Andrea Vulinovi\u0107<\/li>\n\n\n\n<li>Marija D\u017eapo<\/li>\n\n\n\n<li>Barbara Polic<\/li>\n\n\n\n<li>Veronika Poli\u0107<\/li>\n\n\n\n<li>Elizabeta Banek<\/li>\n\n\n\n<li>Stjepan Banek<\/li>\n\n\n\n<li>Matej Vegar<\/li>\n\n\n\n<li>Dora Pavkovic<\/li>\n\n\n\n<li>Blanka Lovri\u0107<\/li>\n\n\n\n<li>Franjo Kolar<\/li>\n\n\n\n<li>Elizabeta Banek<\/li>\n\n\n\n<li>Stjepan Banek<\/li>\n\n\n\n<li>Matej Vegar<\/li>\n\n\n\n<li>Dora Pavkovic<\/li>\n\n\n\n<li>Tanja Drmi\u0107<\/li>\n\n\n\n<li>Renata Ivas<\/li>\n\n\n\n<li>Dominik Medved<\/li>\n<\/ol>\n\n\n\n<p>AUTOBUS BROJ 2<br>Mario Bla\u017eanovi\u0107, voditelj (098\/984-2336)<br>Nacionalna sveu\u010dili\u0161na biblioteka u 5:45h, Klin\u010da Sela u 6:10h, Desinec 6:15h, Jastrebarsko (centar) 6:20h, Karlovac (kod tr\u017enice) 6:40.<\/p>\n\n\n\n<ol class=\"wp-block-list\">\n<li>Mario Bla\u017eanovi\u0107<\/li>\n\n\n\n<li>Vesna \u0160trk<\/li>\n\n\n\n<li>Mirna Mandi\u0107 Buri\u0107<\/li>\n\n\n\n<li>Antun Buri\u0107<\/li>\n\n\n\n<li>Ivona Valjak<\/li>\n\n\n\n<li>Dora Valjak<\/li>\n\n\n\n<li>\u017deljko Valjak<\/li>\n\n\n\n<li>Elizabeta Gvozdanovi\u0107<\/li>\n\n\n\n<li>Luce Bula<\/li>\n\n\n\n<li>Petra Guti\u0107<\/li>\n\n\n\n<li>Stjepan Pal\u010di\u0107<\/li>\n\n\n\n<li>Kaja Bla\u017eevi\u0107<\/li>\n\n\n\n<li>Marija Rade\u010di\u0107<\/li>\n\n\n\n<li>Iva Rade\u010di\u0107<\/li>\n\n\n\n<li>Lovorka Rade\u010di\u0107<\/li>\n\n\n\n<li>\u017dupa Jaska \u2013 7 ljudi<\/li>\n\n\n\n<li>\u017dupa Jaska<\/li>\n\n\n\n<li>\u017dupa Jaska<\/li>\n\n\n\n<li>\u017dupa Jaska<\/li>\n\n\n\n<li>\u017dupa Jaska<\/li>\n\n\n\n<li>\u017dupa Jaska<\/li>\n\n\n\n<li>\u017dupa Jaska<\/li>\n\n\n\n<li>Lucija Razum<\/li>\n\n\n\n<li>Dora Razum<\/li>\n\n\n\n<li>Klara Razum<\/li>\n\n\n\n<li>Ozana Razum<\/li>\n\n\n\n<li>Lucija Vali\u010devi\u0107<\/li>\n\n\n\n<li>Tomislav \u0160egina<\/li>\n\n\n\n<li>Filip Luke\u017ei\u0107<\/li>\n\n\n\n<li>Goran Pavlakovi\u0107<\/li>\n\n\n\n<li>Monika Prekrat<\/li>\n\n\n\n<li>Bernarda Prekrat<\/li>\n\n\n\n<li>Marijeta Orak<\/li>\n\n\n\n<li>Leon Orak<\/li>\n\n\n\n<li>Ivana Toli\u0107<\/li>\n\n\n\n<li>Verveger Tomislav<\/li>\n\n\n\n<li>Marton Marton<\/li>\n\n\n\n<li>Mirijana Brklja\u010di\u0107<\/li>\n\n\n\n<li>Nikolina Golub<\/li>\n\n\n\n<li>Katarina Pu\u010dar<\/li>\n<\/ol>\n","protected":false},"excerpt":{"rendered":"<p>Po\u0161tovani hodo\u010dasnici!Prona\u0111ite svoje ime na popisu i u skladu s tim pri\u010dekajte autobus (jer on ne\u0107e \u010dekati vas) na navedenim mjestima.Radujemo se jo\u0161 jednom pohodu Planinarskog kri\u017enog puta i milostima koje \u0107e<a class=\"moretag\" href=\"https:\/\/ekosspiritus.hr\/index.php\/2025\/04\/03\/raspored-polazaka-autobusa-za-75-planinarski-krizni-put\/\">Read More&#8230;<\/a><\/p>\n","protected":false},"author":2,"featured_media":0,"comment_status":"closed","ping_status":"open","sticky":false,"template":"","format":"standard","meta":{"footnotes":""},"categories":[1],"tags":[],"class_list":["post-1958","post","type-post","status-publish","format-standard","hentry","category-ekosspiritus"],"_links":{"self":[{"href":"https:\/\/ekosspiritus.hr\/index.php\/wp-json\/wp\/v2\/posts\/1958","targetHints":{"allow":["GET"]}}],"collection":[{"href":"https:\/\/ekosspiritus.hr\/index.php\/wp-json\/wp\/v2\/posts"}],"about":[{"href":"https:\/\/ekosspiritus.hr\/index.php\/wp-json\/wp\/v2\/types\/post"}],"author":[{"embeddable":true,"href":"https:\/\/ekosspiritus.hr\/index.php\/wp-json\/wp\/v2\/users\/2"}],"replies":[{"embeddable":true,"href":"https:\/\/ekosspiritus.hr\/index.php\/wp-json\/wp\/v2\/comments?post=1958"}],"version-history":[{"count":5,"href":"https:\/\/ekosspiritus.hr\/index.php\/wp-json\/wp\/v2\/posts\/1958\/revisions"}],"predecessor-version":[{"id":1963,"href":"https:\/\/ekosspiritus.hr\/index.php\/wp-json\/wp\/v2\/posts\/1958\/revisions\/1963"}],"wp:attachment":[{"href":"https:\/\/ekosspiritus.hr\/index.php\/wp-json\/wp\/v2\/media?parent=1958"}],"wp:term":[{"taxonomy":"category","embeddable":true,"href":"https:\/\/ekosspiritus.hr\/index.php\/wp-json\/wp\/v2\/categories?post=1958"},{"taxonomy":"post_tag","embeddable":true,"href":"https:\/\/ekosspiritus.hr\/index.php\/wp-json\/wp\/v2\/tags?post=1958"}],"curies":[{"name":"wp","href":"https:\/\/api.w.org\/{rel}","templated":true}]}}