{"id":1982,"date":"2025-08-23T18:37:04","date_gmt":"2025-08-23T18:37:04","guid":{"rendered":"https:\/\/ekosspiritus.hr\/?p=1982"},"modified":"2025-08-23T18:37:05","modified_gmt":"2025-08-23T18:37:05","slug":"obiljezavamo-deset-godina-rada-planinarskog-doma-cerinski-vir-2015-2025","status":"publish","type":"post","link":"https:\/\/ekosspiritus.hr\/index.php\/2025\/08\/23\/obiljezavamo-deset-godina-rada-planinarskog-doma-cerinski-vir-2015-2025\/","title":{"rendered":"OBILJE\u017dAVAMO: Deset godina rada planinarskog doma \u201eCerinski vir\u201c (2015 \u2013 2025.)"},"content":{"rendered":"\n<p>Pozivamo vas na proslavu u na\u0161 planinarski dom u subotu, 30. kolovoza 2025. godine.<\/p>\n\n\n\n<p>Planinarski dom \u201eCerinski vir\u201c otvoren je 29. kolovoza 2015. godine, u obnovljenoj zgradi koju je blagoslovio mons. Nedjeljko Pintari\u0107. Blagoslovu je prethodila sve\u010dana akademija i euharistija na kojoj je sudjelovalo preko 320 osoba. Slu\u017ebenu plo\u010du doma otkrila je Martina Razum, predsjednica HPD-a sv. Patrik, a vrpcu su prerezali Jo\u017ea Bla\u017eevi\u0107, \u010dlan upravnog tijela udruge i Evica Vlahovi\u0107, najstarija \u010dlanica. Tomislav Ivir, predsjednik udruge, pozdravio je sve okupljene i govorio o na\u0161oj radosti zbog zavr\u0161etka ovog velikog projekta u koji je ulo\u017eeno mnogo volonterskog rada i donacija dobro\u010dinitelja.<\/p>\n\n\n\n<p>Na obilje\u017eavanje ove okrugle obljetnice pozvani su \u010dlanovi Hrvatskog planinarskog dru\u0161tva sv. Patrika, ali i ostalih sekcija udruge Ekosspiritus, prijatelji i podr\u017eavatelji udruge, te svi planinari koji rado dolaze u planinarski dom \u201eCerinski vir\u201c.<\/p>\n\n\n\n<p><br>Raspored doga\u0111anja u subotu, 30. kolovoza:<br>\u2022 Okupljanje na Cerini do 17:00 sati.<br>\u2022 Sve\u010dana misa zahvalnica.<br>\u2022 Kratki prigodni govori.<br>\u2022 Otvorenje izlo\u017ebe \u201eOki\u0107ka belina\u201c.<br>\u2022 Zajedni\u010dka ve\u010dera uz \u017eivu glazbu i dru\u017eenje.<\/p>\n\n\n\n<p><br>Radi organizacije ve\u010dere OBAVEZNA je najava do \u010detvrtka 28. kolovoza 2025. na mail ekosspiritus@gmail.com ili WhatsApp Radovana 0919397554<\/p>\n","protected":false},"excerpt":{"rendered":"<p>Pozivamo vas na proslavu u na\u0161 planinarski dom u subotu, 30. kolovoza 2025. godine. Planinarski dom \u201eCerinski vir\u201c otvoren je 29. kolovoza 2015. godine, u obnovljenoj zgradi koju je blagoslovio mons. Nedjeljko<a class=\"moretag\" href=\"https:\/\/ekosspiritus.hr\/index.php\/2025\/08\/23\/obiljezavamo-deset-godina-rada-planinarskog-doma-cerinski-vir-2015-2025\/\">Read More&#8230;<\/a><\/p>\n","protected":false},"author":2,"featured_media":0,"comment_status":"closed","ping_status":"open","sticky":false,"template":"","format":"standard","meta":{"footnotes":""},"categories":[1],"tags":[],"class_list":["post-1982","post","type-post","status-publish","format-standard","hentry","category-ekosspiritus"],"_links":{"self":[{"href":"https:\/\/ekosspiritus.hr\/index.php\/wp-json\/wp\/v2\/posts\/1982","targetHints":{"allow":["GET"]}}],"collection":[{"href":"https:\/\/ekosspiritus.hr\/index.php\/wp-json\/wp\/v2\/posts"}],"about":[{"href":"https:\/\/ekosspiritus.hr\/index.php\/wp-json\/wp\/v2\/types\/post"}],"author":[{"embeddable":true,"href":"https:\/\/ekosspiritus.hr\/index.php\/wp-json\/wp\/v2\/users\/2"}],"replies":[{"embeddable":true,"href":"https:\/\/ekosspiritus.hr\/index.php\/wp-json\/wp\/v2\/comments?post=1982"}],"version-history":[{"count":1,"href":"https:\/\/ekosspiritus.hr\/index.php\/wp-json\/wp\/v2\/posts\/1982\/revisions"}],"predecessor-version":[{"id":1983,"href":"https:\/\/ekosspiritus.hr\/index.php\/wp-json\/wp\/v2\/posts\/1982\/revisions\/1983"}],"wp:attachment":[{"href":"https:\/\/ekosspiritus.hr\/index.php\/wp-json\/wp\/v2\/media?parent=1982"}],"wp:term":[{"taxonomy":"category","embeddable":true,"href":"https:\/\/ekosspiritus.hr\/index.php\/wp-json\/wp\/v2\/categories?post=1982"},{"taxonomy":"post_tag","embeddable":true,"href":"https:\/\/ekosspiritus.hr\/index.php\/wp-json\/wp\/v2\/tags?post=1982"}],"curies":[{"name":"wp","href":"https:\/\/api.w.org\/{rel}","templated":true}]}}