{"id":1985,"date":"2025-08-31T10:57:39","date_gmt":"2025-08-31T10:57:39","guid":{"rendered":"https:\/\/ekosspiritus.hr\/?p=1985"},"modified":"2025-08-31T10:57:41","modified_gmt":"2025-08-31T10:57:41","slug":"svecano-proslavljeno-deset-godina-od-otvaranja-planinarskog-doma-cerinski-vir","status":"publish","type":"post","link":"https:\/\/ekosspiritus.hr\/index.php\/2025\/08\/31\/svecano-proslavljeno-deset-godina-od-otvaranja-planinarskog-doma-cerinski-vir\/","title":{"rendered":"Sve\u010dano proslavljeno deset godina od otvaranja Planinarskog doma \u201eCerinski vir\u201c"},"content":{"rendered":"\n<p>\u010clanovi, prijatelji i uzvanici okupili su se na Cerini u subotu, 30. kolovoza 2025. godine, povodom proslave deset godina od otvaranja Planinarskog doma \u201eCerinski vir\u201c. Sve\u010danost je zapo\u010dela slavljem svete mise zahvalnice koju su predvodili doma\u0107i \u017eupnik, vl\u010d. Josip \u010culig i mons. Nedjeljko Pintari\u0107. U prinosu darova na oltar istaknula se poga\u010da koju je izradila gospo\u0111a \u0110ur\u0111a Trke\u0161 iz Podvrha.<br>O stvaranju i razvoja duhovnog centra na Cerini i ure\u0111enju i djelovanju Planinarskog doma \u201eCerinski vir\u201c kratko su govorili Radovan Libri\u0107, tajnik udruge Ekosspiritus; Martina Razum Arapovi\u0107, predsjednica HPDa \u201eSv. Patrik\u201c; Jo\u017ea Bla\u017eevi\u0107, \u010dlan upravnog tijela koji je prije deset godina prerezao vrpcu prilikom otvaranja doma; Katarina Pu\u010dar, dopredsjednica udruge Ekosspiritus i Josip \u010culig, sve\u0107enik koji upravlja \u017eupom na \u010dijem teritoriju se dom nalazi.<br>Otvorena je i izlo\u017eba \u201eOki\u0107ka belina\u201c s likovnim radovima nastalima na koloniji slikara koji su, \u0161to je sad ve\u0107 postala tradicija, boravili na Cerini kako bi stvarali. O slikama i na\u010dinu kako su nastajale govorio je dr. sc. Franko \u0106ori\u0107.<br>Svi sudionici smjestili su se u veliku blagovaonicu planinarskog doma gdje je ve\u010dera zapo\u010dela specijalitetom \u2013 gula\u0161om od divlja\u010di u kruhu, koji je pripremio gospodin Vitko, a kru\u0161\u010di\u0107e je darovala Renata Kruhan iz Bregane. Servirana je i \u201egusjenica&#8221; oko koje su brinuli susjedi Kre\u0161o i Mladen. Uz kola\u010de i crno vino koje je dovezeno iz \u0160panjolske, atmosfera je upotpunjena svirkom Glazbenog sastava MAH, dragih prijatelja koji nam sve \u010de\u0161\u0107e dolaze na Cerinu.<br>Iako je vani padala ki\u0161a, ku\u0107a na Cerini postala je jo\u0161 jednom toplo uto\u010di\u0161te za dru\u017eenje, ples, \u0161ale i razgovore koji su potrajali dugo u no\u0107, to\u010dno kao u na\u0161em snu koji smo imali i uspjeli ostvariti zajedni\u010dkim radom i trudom otvaraju\u0107i Planinarski dom \u201eCerinski vir\u201c. Dom je otvoren svaki vikend, a u sljede\u0107em razdoblju u njemu se mo\u017ee pogledati i ju\u010der otvorena izlo\u017eba slika. Radosno vas o\u010dekujemo.<\/p>\n","protected":false},"excerpt":{"rendered":"<p>\u010clanovi, prijatelji i uzvanici okupili su se na Cerini u subotu, 30. kolovoza 2025. godine, povodom proslave deset godina od otvaranja Planinarskog doma \u201eCerinski vir\u201c. Sve\u010danost je zapo\u010dela slavljem svete mise zahvalnice<a class=\"moretag\" href=\"https:\/\/ekosspiritus.hr\/index.php\/2025\/08\/31\/svecano-proslavljeno-deset-godina-od-otvaranja-planinarskog-doma-cerinski-vir\/\">Read More&#8230;<\/a><\/p>\n","protected":false},"author":2,"featured_media":0,"comment_status":"closed","ping_status":"open","sticky":false,"template":"","format":"standard","meta":{"footnotes":""},"categories":[1],"tags":[],"class_list":["post-1985","post","type-post","status-publish","format-standard","hentry","category-ekosspiritus"],"_links":{"self":[{"href":"https:\/\/ekosspiritus.hr\/index.php\/wp-json\/wp\/v2\/posts\/1985","targetHints":{"allow":["GET"]}}],"collection":[{"href":"https:\/\/ekosspiritus.hr\/index.php\/wp-json\/wp\/v2\/posts"}],"about":[{"href":"https:\/\/ekosspiritus.hr\/index.php\/wp-json\/wp\/v2\/types\/post"}],"author":[{"embeddable":true,"href":"https:\/\/ekosspiritus.hr\/index.php\/wp-json\/wp\/v2\/users\/2"}],"replies":[{"embeddable":true,"href":"https:\/\/ekosspiritus.hr\/index.php\/wp-json\/wp\/v2\/comments?post=1985"}],"version-history":[{"count":1,"href":"https:\/\/ekosspiritus.hr\/index.php\/wp-json\/wp\/v2\/posts\/1985\/revisions"}],"predecessor-version":[{"id":1986,"href":"https:\/\/ekosspiritus.hr\/index.php\/wp-json\/wp\/v2\/posts\/1985\/revisions\/1986"}],"wp:attachment":[{"href":"https:\/\/ekosspiritus.hr\/index.php\/wp-json\/wp\/v2\/media?parent=1985"}],"wp:term":[{"taxonomy":"category","embeddable":true,"href":"https:\/\/ekosspiritus.hr\/index.php\/wp-json\/wp\/v2\/categories?post=1985"},{"taxonomy":"post_tag","embeddable":true,"href":"https:\/\/ekosspiritus.hr\/index.php\/wp-json\/wp\/v2\/tags?post=1985"}],"curies":[{"name":"wp","href":"https:\/\/api.w.org\/{rel}","templated":true}]}}