{"id":2029,"date":"2026-03-01T16:45:05","date_gmt":"2026-03-01T16:45:05","guid":{"rendered":"https:\/\/ekosspiritus.hr\/?p=2029"},"modified":"2026-03-01T16:45:06","modified_gmt":"2026-03-01T16:45:06","slug":"najavljujemo-proslava-sv-patrika-zastitnika-naseg-planinarskog-drustva-u-subotu-14-ozujka-2026","status":"publish","type":"post","link":"https:\/\/ekosspiritus.hr\/index.php\/2026\/03\/01\/najavljujemo-proslava-sv-patrika-zastitnika-naseg-planinarskog-drustva-u-subotu-14-ozujka-2026\/","title":{"rendered":"NAJAVLJUJEMO: Proslava sv. Patrika, za\u0161titnika na\u0161eg planinarskog Dru\u0161tva u subotu, 14. o\u017eujka 2026."},"content":{"rendered":"\n<p>Potrebna prijava zbog organizacije ru\u010dka na mail: ekosspiritus@gmail.com<br>Okvirni plan:<\/p>\n\n\n\n<ol class=\"wp-block-list\">\n<li>Pje\u0161a\u010dki pohod, na Cerinu Camino putem: Samobor (glavni trg u 9.00 ) \u2013 Vrhov\u010dak \u2013 Gradi\u0161\u0107e \u2013 Slani Dol \u2013 Smerovi\u0161\u0107e \u2013 Cerina<br>Lagana hodnja za sve generacije, nije potrebna neka kondicija.<\/li>\n\n\n\n<li>Zajedni\u010dki ru\u010dak na Cerini oko 13:30 sati. Zajedni\u010dko blagovanje u planinarskom domu Cerinski vir. Mo\u017eete na stol prinijeti neki kola\u010d.<\/li>\n\n\n\n<li>Skup\u0161tina Dru\u0161tva oko 14:30 sati. Skup\u0161tinu \u0107e pripremiti predsjednica Martina.<br>Za ovu godinu javila se \u010dlanica Tanja i predla\u017ee planinarski izlet u Bosnu i Hercegovinu, javila se Iva za izlet u Italiju, sveti\u0161te Majke Bo\u017eje Monte lussari i Golica (cvatnja narcisa). Radovan nas vodi u rujnu na Velebit i jo\u0161 jedan izlet u Sloveniju, a Katarina predla\u017ee nekoliko dana na Zavi\u017eanu uz nezaboravno planinarenje na obli\u017enje vrhunce. Na Skup\u0161tini \u0107emo dogovoriti termine izleta. Jo\u0161 stignete prijaviti neki od izleta.<\/li>\n\n\n\n<li>Korizmena kateheza<br>Na\u0161 \u010dlan Danijel Deveri\u0107 pripremit \u0107e i voditi kratku korizmenu katehezu.<\/li>\n\n\n\n<li>Sveta Misa<br>Mo\u017eete li zamoliti nekoga sve\u0107enika za dolazak na Cerinu da nam predslavi sv. Misu? Bilo bi lijepo da zajedno na kraju tako bogatog dana slavimo euharistiju. Imate li nekog od sve\u0107enika koji nam mo\u017ee taj dan oko 16:00 sati imati misu?<\/li>\n<\/ol>\n\n\n\n<p>I dalje Vam na srce stavljamo de\u017eurstva na Cerini u planinarskom domu. Javite se Vladi (091\/9481208).<\/p>\n\n\n\n<p>Ne propustite i druge doga\u0111aje ove godine u organizaciji udruge Ekosspiritus:<\/p>\n\n\n\n<ol class=\"wp-block-list\">\n<li>\n<ol start=\"77\" class=\"wp-block-list\">\n<li>Planinarski kri\u017eni put, okolica Udbine, 21. i 22. o\u017eujka. Sve detalje imate na na\u0161im stranicama (www.ekosspiritus.hr). Obavezna prijava radi organizacije autobusa.<\/li>\n<\/ol>\n<\/li>\n\n\n\n<li>Euharistija, Cerina, nedjelja 26. travnja u 12:00 sati.<br>Proslava pedeset godina od podizanja raspela na Cerini (1976. \u2013 2026.). Tada\u0161nje inicijatore zatvorila je komunisti\u010dka vlast. Nakon pedeset godina molimo za sve one koji su inicirali gradnju raspela koje se nalazi na ulazu u na\u0161e dvori\u0161te na Cerini. Nakon mise zajedni\u010dki ru\u010dak i pu\u010dka veselica (naru\u010deni su tambura\u0161i).<\/li>\n\n\n\n<li>Godi\u0161nja proslava otvaranja planinarskog doma Cerinski Vir s tambura\u0161ima (zadnja subota u kolovozu, 29. kolovoza).<\/li>\n\n\n\n<li>Zahvalno hodo\u010da\u0161\u0107e udruge Ekosspiritus u Poljsku u srpnju, sedam dana, lijepi program. Jo\u0161 imamo nekoliko mjesta. Javiti se odmah Radovanu na mail radovan.libric2@gmail.com.<\/li>\n\n\n\n<li>U rujnu \u0107emo proslaviti 25. godina rada udruge Ekosspiritus. Misu \u0107e nam predslaviti mons. Vlado Razum, pomo\u0107ni zagreba\u010dki biskup. To\u010dni datum javimo.<\/li>\n<\/ol>\n\n\n\n<p>\u010clanarine<br>\u010clanstvo je, kao i prija\u0161njih godina, mogu\u0107e obnoviti kod \u017deljka u Zagrebu. Kontakt je ostao isti: 099\/2004466 (poziv, SMS, WhatsApp, Viber, Signal, Telegram).<\/p>\n\n\n\n<p><\/p>\n\n\n\n<figure class=\"wp-block-image size-large\"><a href=\"https:\/\/ekosspiritus.hr\/wp-content\/uploads\/2026\/03\/ChatGPT-Image-Mar-1-2026-05_41_31-PM.png\"><img loading=\"lazy\" decoding=\"async\" width=\"683\" height=\"1024\" src=\"https:\/\/ekosspiritus.hr\/wp-content\/uploads\/2026\/03\/ChatGPT-Image-Mar-1-2026-05_41_31-PM-683x1024.png\" alt=\"\" class=\"wp-image-2030\" srcset=\"https:\/\/ekosspiritus.hr\/wp-content\/uploads\/2026\/03\/ChatGPT-Image-Mar-1-2026-05_41_31-PM-683x1024.png 683w, https:\/\/ekosspiritus.hr\/wp-content\/uploads\/2026\/03\/ChatGPT-Image-Mar-1-2026-05_41_31-PM-200x300.png 200w, https:\/\/ekosspiritus.hr\/wp-content\/uploads\/2026\/03\/ChatGPT-Image-Mar-1-2026-05_41_31-PM-768x1152.png 768w, https:\/\/ekosspiritus.hr\/wp-content\/uploads\/2026\/03\/ChatGPT-Image-Mar-1-2026-05_41_31-PM.png 1024w\" sizes=\"auto, (max-width: 683px) 100vw, 683px\" \/><\/a><\/figure>\n","protected":false},"excerpt":{"rendered":"<p>Potrebna prijava zbog organizacije ru\u010dka na mail: ekosspiritus@gmail.comOkvirni plan: I dalje Vam na srce stavljamo de\u017eurstva na Cerini u planinarskom domu. Javite se Vladi (091\/9481208). Ne propustite i druge doga\u0111aje ove godine<a class=\"moretag\" href=\"https:\/\/ekosspiritus.hr\/index.php\/2026\/03\/01\/najavljujemo-proslava-sv-patrika-zastitnika-naseg-planinarskog-drustva-u-subotu-14-ozujka-2026\/\">Read More&#8230;<\/a><\/p>\n","protected":false},"author":2,"featured_media":0,"comment_status":"closed","ping_status":"open","sticky":false,"template":"","format":"standard","meta":{"footnotes":""},"categories":[1],"tags":[],"class_list":["post-2029","post","type-post","status-publish","format-standard","hentry","category-ekosspiritus"],"_links":{"self":[{"href":"https:\/\/ekosspiritus.hr\/index.php\/wp-json\/wp\/v2\/posts\/2029","targetHints":{"allow":["GET"]}}],"collection":[{"href":"https:\/\/ekosspiritus.hr\/index.php\/wp-json\/wp\/v2\/posts"}],"about":[{"href":"https:\/\/ekosspiritus.hr\/index.php\/wp-json\/wp\/v2\/types\/post"}],"author":[{"embeddable":true,"href":"https:\/\/ekosspiritus.hr\/index.php\/wp-json\/wp\/v2\/users\/2"}],"replies":[{"embeddable":true,"href":"https:\/\/ekosspiritus.hr\/index.php\/wp-json\/wp\/v2\/comments?post=2029"}],"version-history":[{"count":1,"href":"https:\/\/ekosspiritus.hr\/index.php\/wp-json\/wp\/v2\/posts\/2029\/revisions"}],"predecessor-version":[{"id":2031,"href":"https:\/\/ekosspiritus.hr\/index.php\/wp-json\/wp\/v2\/posts\/2029\/revisions\/2031"}],"wp:attachment":[{"href":"https:\/\/ekosspiritus.hr\/index.php\/wp-json\/wp\/v2\/media?parent=2029"}],"wp:term":[{"taxonomy":"category","embeddable":true,"href":"https:\/\/ekosspiritus.hr\/index.php\/wp-json\/wp\/v2\/categories?post=2029"},{"taxonomy":"post_tag","embeddable":true,"href":"https:\/\/ekosspiritus.hr\/index.php\/wp-json\/wp\/v2\/tags?post=2029"}],"curies":[{"name":"wp","href":"https:\/\/api.w.org\/{rel}","templated":true}]}}