{"id":2033,"date":"2026-03-23T10:48:20","date_gmt":"2026-03-23T10:48:20","guid":{"rendered":"https:\/\/ekosspiritus.hr\/?p=2033"},"modified":"2026-03-23T10:48:21","modified_gmt":"2026-03-23T10:48:21","slug":"dogodilo-se-77-planinarski-krizni-put","status":"publish","type":"post","link":"https:\/\/ekosspiritus.hr\/index.php\/2026\/03\/23\/dogodilo-se-77-planinarski-krizni-put\/","title":{"rendered":"DOGODILO SE: 77. Planinarski kri\u017eni put"},"content":{"rendered":"\n<p>U tradicionalnom petom korizmenom vikendu, 21. i 22. o\u017eujka 2026., odr\u017ean je 77. Planinarski kri\u017eni put u organizaciji udruge Ekosspiritus. Pobo\u017enost koja je iznikla u Samoborskom gorju i pro\u0161irila se u ve\u0107inu biskupija, kao dvodnevni ili jednodnevni pohodi za kri\u017eem, po pozivu gospodina Ante Vuk\u0161i\u0107a do\u0161la je u Udbinu.<br>Sudionici, velikim dijelom veterani ovog zbivanja, uz ne\u0161to mladih snaga, okupili su se na zapadnom rubu Krbavskog polja, u naselju Podlapa\u010da. Nakon doru\u010dka, prve jutarnje misli vezane uz geslo pohoda: \u201eDa ne tugujete kao drugi koji nemaju nade.\u201c (1 Sol 4,13) razmatrali su u crkvi sv. Jurja. Meditacije kri\u017enog puta nade napisao je vjerou\u010ditelj Nikola Kuzmi\u010di\u0107.<br>Kolona je krenula u vjetrovit i prohladan dan, pustim i slabo naseljenim krajem, koji o\u010darava \u0161irokim pogledima, o\u010duvanom prirodom i obiljem \u017eivotinja po ogra\u0111enim pa\u0161njacima. Na vi\u0161e mjesta postaje nisu bile sakralni objekti, kojih ovdje jednostavno nema u potrebnom broju, \u0161to je jo\u0161 vi\u0161e naglasilo iskustvo divljenja stvorenom svijetu, gdje svako stablo i kamen i cvijet i oblak postaju elementi gdje se slavi Boga.<br>Iako je kilometara za pro\u0107i bilo mnogo, svladavali smo ih neobi\u010dno brzo, jer nas je gurao vjetar i privla\u010dio prizor bijele crkve na brdu \u2013 Udbina prema kojoj smo stremili. Kao hodo\u010dasnik pridru\u017eio se i na\u010delnik op\u0107ine Udbina, gospodin Josip Seu\u010dek, uz kojega je hrabro hodao i najmla\u0111i sudionik \u2013 njegov uporni i disciplinirani sin Ivano koji ima samo \u0161est godina.<br>Dobro ugrijana i lijepo ure\u0111ena \u0161kola otvorila nam je svoja vrata za odmor ljubazno\u0161\u0107u ravnatelja, gospodina Mirka Dragi\u010devi\u0107a, a pohvaljujemo i mladog gospodina konobara u obli\u017enjem kafi\u0107u koji je nevjerojatno u\u010dinkovito, brzo i ljubazno svladao gu\u017evu koju smo mu neo\u010dekivano stvorili na radnom mjestu.<br>Kako hodamo za kri\u017eem, tako se i okupljamo oko euharistijskog stola, jer to razlikuje hodo\u010dasnike od obi\u010dnih planinara. Ve\u010dernju misu predvodio je \u017eupnik, pre\u010d. Josip \u0160imatovi\u0107, koji nas je potaknuo na kr\u0161\u0107ansku radost \u2013 vidimo Uskrs koji se nazire iza korizme. U velikodu\u0161nom tonu doma\u0107ina, nakon \u0161to su svi prisutni dobili doru\u010dak i ru\u010dak, u pastoralnom centru servirana je i topla ve\u010dera.<br>Hod drugoga dana uveo nas je malo vi\u0161e u \u0161ume, dok je na obli\u017enjim bregovima bio vidljiv snijeg, a pokupili smo i pse\u0107eg pratioca koji je veselo pratio kolonu i pravio se va\u017ean svojim stadom pred mrkim psima \u010duvarima stoke koji su ga vrlo glasno upozoravali na neku, samo njima vidljivu granicu koju nije pametno prije\u0107i.<br>\u010cetrnaestu postaju molili smo kod kipa Gospe u dvori\u0161tu obiteljske ku\u0107e gospodina Ante, koji nam je bio doma\u0107in, vodio nas, hranio, pri\u010dao zanimljivosti o ovom kraju pro\u017eetom tragedijama, ali i nadom u budu\u0107nost. Zahvalili smo unuku Karlu, koji je izradio zajedni\u010dko obilje\u017eje pohoda, ali i cijeloj obitelji koja nam ga posu\u0111uje u na\u0161im, sada ve\u0107 brojnim, pustolovinama i hodo\u010da\u0161\u0107ima.<br>Zaklju\u010dnu molitvu kri\u017enog puta odr\u017eali smo kod bijelog kri\u017ea pokraj crkve u Udbini, te obi\u0161li kompleks i upoznali se sa svim elementima koji ga \u010dine. Zavr\u0161nu euharistiju vodio je vl\u010d. Andrija Keki\u0107, koji je progovorio o nadi u evan\u0111elju o o\u017eivljavanju Lazara, ali i bogatstvu grkokatoli\u010dke tradicije u na\u0161oj Crkvi. Prije nego je autobus krenuo, bilo je vremena i za ve\u010deru, a nada o kojoj smo se cijelo vrijeme razmi\u0161ljali se razlila srcima prisutnih i ponijeli smo je sa sobom u svoje obitelji, \u017eupne, radna mjesta\u2026<br>Matea je animirala postaju \u0161utnje, Nikolina je pri\u010dala o povijesnim zanimljivostima, Dora je pripremila jutarnju molitvu, Gabrijela je prikupljala i dijelila listi\u0107e za molitvenu podr\u0161ku an\u0111ela \u010duvara, \u017deljko je vozio logisti\u010dki auto, Filip je svirao orgulje, Katarina je nudila katehetske poticaje kako bi dublje i bolje upoznali svoju vjeru, Mario je dugo i uporno i neumorno animirao pjevanje uz pomo\u0107 svoje vjerne gitare\u2026<br>Planinarski kri\u017eni put je veliko \u010dudo duhovnosti koje se nastalo u na\u0161oj Domovini. Neka svim hodo\u010dasnicima bude poticajno iskustvo, u nadi kako je sve najbolje uvijek tek pred nama.<\/p>\n","protected":false},"excerpt":{"rendered":"<p>U tradicionalnom petom korizmenom vikendu, 21. i 22. o\u017eujka 2026., odr\u017ean je 77. Planinarski kri\u017eni put u organizaciji udruge Ekosspiritus. Pobo\u017enost koja je iznikla u Samoborskom gorju i pro\u0161irila se u ve\u0107inu<a class=\"moretag\" href=\"https:\/\/ekosspiritus.hr\/index.php\/2026\/03\/23\/dogodilo-se-77-planinarski-krizni-put\/\">Read More&#8230;<\/a><\/p>\n","protected":false},"author":2,"featured_media":0,"comment_status":"closed","ping_status":"open","sticky":false,"template":"","format":"standard","meta":{"footnotes":""},"categories":[1],"tags":[],"class_list":["post-2033","post","type-post","status-publish","format-standard","hentry","category-ekosspiritus"],"_links":{"self":[{"href":"https:\/\/ekosspiritus.hr\/index.php\/wp-json\/wp\/v2\/posts\/2033","targetHints":{"allow":["GET"]}}],"collection":[{"href":"https:\/\/ekosspiritus.hr\/index.php\/wp-json\/wp\/v2\/posts"}],"about":[{"href":"https:\/\/ekosspiritus.hr\/index.php\/wp-json\/wp\/v2\/types\/post"}],"author":[{"embeddable":true,"href":"https:\/\/ekosspiritus.hr\/index.php\/wp-json\/wp\/v2\/users\/2"}],"replies":[{"embeddable":true,"href":"https:\/\/ekosspiritus.hr\/index.php\/wp-json\/wp\/v2\/comments?post=2033"}],"version-history":[{"count":1,"href":"https:\/\/ekosspiritus.hr\/index.php\/wp-json\/wp\/v2\/posts\/2033\/revisions"}],"predecessor-version":[{"id":2034,"href":"https:\/\/ekosspiritus.hr\/index.php\/wp-json\/wp\/v2\/posts\/2033\/revisions\/2034"}],"wp:attachment":[{"href":"https:\/\/ekosspiritus.hr\/index.php\/wp-json\/wp\/v2\/media?parent=2033"}],"wp:term":[{"taxonomy":"category","embeddable":true,"href":"https:\/\/ekosspiritus.hr\/index.php\/wp-json\/wp\/v2\/categories?post=2033"},{"taxonomy":"post_tag","embeddable":true,"href":"https:\/\/ekosspiritus.hr\/index.php\/wp-json\/wp\/v2\/tags?post=2033"}],"curies":[{"name":"wp","href":"https:\/\/api.w.org\/{rel}","templated":true}]}}