{"id":209,"date":"2006-06-17T15:30:26","date_gmt":"2006-06-17T15:30:26","guid":{"rendered":"http:\/\/ekosspiritus.hr\/?p=209"},"modified":"2015-12-15T15:31:22","modified_gmt":"2015-12-15T15:31:22","slug":"nacionalnim-parkovima-krka","status":"publish","type":"post","link":"https:\/\/ekosspiritus.hr\/index.php\/2006\/06\/17\/nacionalnim-parkovima-krka\/","title":{"rendered":"Nacionalnim parkovima\u2026 KRKA"},"content":{"rendered":"<p>Prvi dan, subotu, proveli smo u samom parku, razgledavaju\u0107i dojmljivu snagu vode, sedrene slapove, brzace i virove rijeke Krke. Posjetili smo etno zbirku, mlinove, ko\u0161 za pranje robe, stupu, tkala\u010dki stan\u2026 Dio sudionika posjetio je i oto\u010di\u0107 Visovac i samostan koji se tamo nalazi, razgledav\u0161i crkvu i muzej. Vru\u0107i dan mnogi su iskoristili za kupanje pod slapovima, \u0161to je poseban \u010dar ovog nacionalnog parka.<br \/>\nPredve\u010der smo napustili nacionalni park brodom koji nas je odvezao do mjesta Skradina, gdje smo se smjestili na no\u0107enje u osnovnu \u0161kolu. Skradin je smje\u0161ten na desnoj obali rijeke Krke i u cjelini je za\u0161ti\u0107en kao kulturni spomenik.<br \/>\nDrugi dan, u nedjelju, za zainteresirane sudionike odr\u017eana je kateheza u kojoj smo se poku\u0161ali bolje upoznati uspore\u0111uju\u0107i se s osobinama nekih biljaka koje se spominju u Bibliji, te, razmi\u0161ljaju\u0107i o konkretnim primjerima, poku\u0161ali potaknuti jedni druge na o\u010diglednije svjedo\u010denje vjere u svakodnevnom \u017eivotu. U 11 sati sudjelovali smo na euharistijskom slavlju s narodom u \u017eupnoj crkvi u Skradinu, na misi koju je predvodio \u017eupnik don Frane.<br \/>\nS profesorom koji ve\u0107 godinama vodi arheolo\u0161ka ispitivana u okolici Skradina posjetili smo dva muzeja s prona\u0111enim predmetima i obi\u0161li starohrvatski lokalitet Bribirsku glavicu, sve to povezuju\u0107i s geslom ovoga pohoda \u201eI poteko\u0161e kao rijeka\u2026\u201c uzetim iz Legendi o Hrvatima.<br \/>\nS obzirom da su ovo \u2018dani ponosa i slave\u2019 za Hrvatsku nogometnu reprezentaciju, svi navija\u010di su zajedni\u010dki u\u017eivali u utakmici, a oni koje to ne zanima jo\u0161 jednom su se okupali na gradskoj pla\u017ei Skradina.<br \/>\nU Zagreb smo se vratili u ve\u010dernjim satima.<\/p>\n","protected":false},"excerpt":{"rendered":"<p>Prvi dan, subotu, proveli smo u samom parku, razgledavaju\u0107i dojmljivu snagu vode, sedrene slapove, brzace i virove rijeke Krke. Posjetili smo etno zbirku, mlinove, ko\u0161 za pranje robe, stupu, tkala\u010dki stan\u2026 Dio<a class=\"moretag\" href=\"https:\/\/ekosspiritus.hr\/index.php\/2006\/06\/17\/nacionalnim-parkovima-krka\/\">Read More&#8230;<\/a><\/p>\n","protected":false},"author":1,"featured_media":0,"comment_status":"open","ping_status":"open","sticky":false,"template":"","format":"standard","meta":{"footnotes":""},"categories":[12],"tags":[],"class_list":["post-209","post","type-post","status-publish","format-standard","hentry","category-npark-clanak"],"_links":{"self":[{"href":"https:\/\/ekosspiritus.hr\/index.php\/wp-json\/wp\/v2\/posts\/209","targetHints":{"allow":["GET"]}}],"collection":[{"href":"https:\/\/ekosspiritus.hr\/index.php\/wp-json\/wp\/v2\/posts"}],"about":[{"href":"https:\/\/ekosspiritus.hr\/index.php\/wp-json\/wp\/v2\/types\/post"}],"author":[{"embeddable":true,"href":"https:\/\/ekosspiritus.hr\/index.php\/wp-json\/wp\/v2\/users\/1"}],"replies":[{"embeddable":true,"href":"https:\/\/ekosspiritus.hr\/index.php\/wp-json\/wp\/v2\/comments?post=209"}],"version-history":[{"count":1,"href":"https:\/\/ekosspiritus.hr\/index.php\/wp-json\/wp\/v2\/posts\/209\/revisions"}],"predecessor-version":[{"id":210,"href":"https:\/\/ekosspiritus.hr\/index.php\/wp-json\/wp\/v2\/posts\/209\/revisions\/210"}],"wp:attachment":[{"href":"https:\/\/ekosspiritus.hr\/index.php\/wp-json\/wp\/v2\/media?parent=209"}],"wp:term":[{"taxonomy":"category","embeddable":true,"href":"https:\/\/ekosspiritus.hr\/index.php\/wp-json\/wp\/v2\/categories?post=209"},{"taxonomy":"post_tag","embeddable":true,"href":"https:\/\/ekosspiritus.hr\/index.php\/wp-json\/wp\/v2\/tags?post=209"}],"curies":[{"name":"wp","href":"https:\/\/api.w.org\/{rel}","templated":true}]}}