{"id":211,"date":"2005-06-11T15:31:27","date_gmt":"2005-06-11T15:31:27","guid":{"rendered":"http:\/\/ekosspiritus.hr\/?p=211"},"modified":"2015-12-21T13:03:27","modified_gmt":"2015-12-21T13:03:27","slug":"nacionalnim-parkovima-sjeverni-velebit","status":"publish","type":"post","link":"https:\/\/ekosspiritus.hr\/index.php\/2005\/06\/11\/nacionalnim-parkovima-sjeverni-velebit\/","title":{"rendered":"Nacionalnim parkovima\u2026 SJEVERNI VELEBIT"},"content":{"rendered":"<p>Pohod je okupio 70-ak uglavnom mla\u0111ih \u010dlanova, pa \u010dak i \u010dlanovi planinarske \u0161kole iz O\u0160 Mihaela \u0160iloboda iz Svetog Martina pod Oki\u0107em. Subota je zapo\u010dela razgledavanjem vrela Gacke i glasovitih mlinica. Ta rijeka poznata je u svijetu kao \u2018pastvrska voda\u2019 jer obiluje ribljim vrstama. Upravo je Gacka i Gacko polje najve\u0107e prirodno bogatstvo i razvojna \u0161ansa Like.<br \/>\nSusret je nastavljen posjetom Kuterevu, malom velebitskom mjestu koje je poznato u svijetu posljednjih nekoliko godina kao uto\u010di\u0161te medvjedi\u0107a za koje brine udruga dobrovoljaca.<br \/>\nU popodnevnim satima sudionici su slavili svetu misu u sveti\u0161tu Majke Bo\u017eje u Krasnom. To se hodo\u010dasni\u010dko mjesto spominje od 1641. godine. Nave\u010der je bilo predavanje o Himalaji s dijapozitivima i kratkom katehezom koja nas je potaknula na razmi\u0161ljanje o kamenu.<br \/>\nPosjet Zavi\u017eanu, Premu\u017ei\u0107evoj stazi i Ro\u017eanskim kukovima ostavio je poseban dojam na sve sudionike. Ovaj na\u0161 najmla\u0111i nacionalni park, progla\u0161en 1999. godine predstavlja specifi\u010dan geomorfolo\u0161ki fenomen na kojem je dosad otkriveno 150 jama od kojih je najpoznatija Lukina jama. U sklopu parka nalazi se botani\u010dki rezervat \u201eVisibaba\u201c u kojem je najve\u0107e nalazi\u0161te hrvatske sibireje, te botani\u010dki rezervat Zavi\u017ean \u2013 Balinovac, s poznatim Velebitskim botani\u010dkim vrtom osnovanim 1967. godine. Izletnici su u\u017eivali u pogledu na more i otoke Rab, Krk, Pag\u2026 Bili su sretni zbog zajedni\u0161tva tijekom putovanja, a posebno u planinarskom domu na Zavi\u017eanu i susretu s obitelji Vuku\u0161i\u0107, meteorologa i pastira stare velebitske obitelji.<\/p>\n","protected":false},"excerpt":{"rendered":"<p>Pohod je okupio 70-ak uglavnom mla\u0111ih \u010dlanova, pa \u010dak i \u010dlanovi planinarske \u0161kole iz O\u0160 Mihaela \u0160iloboda iz Svetog Martina pod Oki\u0107em. Subota je zapo\u010dela razgledavanjem vrela Gacke i glasovitih mlinica. Ta<a class=\"moretag\" href=\"https:\/\/ekosspiritus.hr\/index.php\/2005\/06\/11\/nacionalnim-parkovima-sjeverni-velebit\/\">Read More&#8230;<\/a><\/p>\n","protected":false},"author":1,"featured_media":0,"comment_status":"closed","ping_status":"open","sticky":false,"template":"","format":"standard","meta":{"footnotes":""},"categories":[12],"tags":[],"class_list":["post-211","post","type-post","status-publish","format-standard","hentry","category-npark-clanak"],"_links":{"self":[{"href":"https:\/\/ekosspiritus.hr\/index.php\/wp-json\/wp\/v2\/posts\/211","targetHints":{"allow":["GET"]}}],"collection":[{"href":"https:\/\/ekosspiritus.hr\/index.php\/wp-json\/wp\/v2\/posts"}],"about":[{"href":"https:\/\/ekosspiritus.hr\/index.php\/wp-json\/wp\/v2\/types\/post"}],"author":[{"embeddable":true,"href":"https:\/\/ekosspiritus.hr\/index.php\/wp-json\/wp\/v2\/users\/1"}],"replies":[{"embeddable":true,"href":"https:\/\/ekosspiritus.hr\/index.php\/wp-json\/wp\/v2\/comments?post=211"}],"version-history":[{"count":2,"href":"https:\/\/ekosspiritus.hr\/index.php\/wp-json\/wp\/v2\/posts\/211\/revisions"}],"predecessor-version":[{"id":213,"href":"https:\/\/ekosspiritus.hr\/index.php\/wp-json\/wp\/v2\/posts\/211\/revisions\/213"}],"wp:attachment":[{"href":"https:\/\/ekosspiritus.hr\/index.php\/wp-json\/wp\/v2\/media?parent=211"}],"wp:term":[{"taxonomy":"category","embeddable":true,"href":"https:\/\/ekosspiritus.hr\/index.php\/wp-json\/wp\/v2\/categories?post=211"},{"taxonomy":"post_tag","embeddable":true,"href":"https:\/\/ekosspiritus.hr\/index.php\/wp-json\/wp\/v2\/tags?post=211"}],"curies":[{"name":"wp","href":"https:\/\/api.w.org\/{rel}","templated":true}]}}