{"id":228,"date":"2007-07-24T15:42:23","date_gmt":"2007-07-24T15:42:23","guid":{"rendered":"http:\/\/ekosspiritus.hr\/?p=228"},"modified":"2015-12-21T13:02:52","modified_gmt":"2015-12-21T13:02:52","slug":"dogodilo-se-planinarski-tabor-na-cerini-samoborsko-gorje","status":"publish","type":"post","link":"https:\/\/ekosspiritus.hr\/index.php\/2007\/07\/24\/dogodilo-se-planinarski-tabor-na-cerini-samoborsko-gorje\/","title":{"rendered":"DOGODILO SE&#8230;PLANINARSKI TABOR\u00a0 na CERINI \u2013 SAMOBORSKO GORJE"},"content":{"rendered":"<p>&#8220;\u2026Ho\u0107e li tko za mnom\u2026&#8221; Lk 9,23<\/p>\n<p>Uz budu\u0107i planinarski dom HPD Sv. Patrika na Cerini, koji je trenuta\u010dno u obnovi, odr\u017ean je prvi Ljetni kamp u trajanju od \u0161est dana. Najbrojniji su bili mladi \u017eupljani \u017eupe Suhopolje iz Slavonije, koji su zamijenili ravnicu planinom i jako se dobro sna\u0161li. Ivan, Dinko, Senjin, Bruno, Ante i Renato obe\u0107ali su se da \u0107e se sigurno vratiti u dolinu okru\u017eenu \u0161umom, sa potokom Javorcom i livadama krcatim cvije\u0107em. Spavanje u \u0161atoru i umivanje na izvoru je do\u017eivljaj koji se jo\u0161 rijetko gdje mo\u017ee prona\u0107i.<\/p>\n<p>Katehetski program vodio je vjerou\u010ditelj Radovan Libri\u0107, vo\u0111en geslom evan\u0111eliste Luke: \u201e\u2026ho\u0107e li tko za mnom\u2026\u201c. Razmi\u0161ljalo se o pozivu koji nam Isus svakodnevno upu\u0107uje i kako bi mogli najbolje na njega odgovoriti. Svakodnevnu euharistiju u prvoj preure\u0111enoj prostoriji ku\u0107e predvodio je vl\u010d. Robert Mokri.<\/p>\n<p>Jutarnje sate svi su, svojim radom, poklonili napretku doma. Ure\u0111ivao se prilaz i prostor oko ku\u0107e, spremala drva za zimu, kosila trava i radili pripremni poslovi za velike radne akcije koje slijede krajem ljeta i na jesen. Kada je u podne velika vru\u0107ina sve potjerala u hlad najbolje je osvje\u017eenje bilo prona\u0107i pod najve\u0107im slapom Samoborskog gorja: Cerinskim virom. Hladna voda nikoga nije omela da se kupaju ba\u0161 kao u stare dane, kada je to bilo redovito kupali\u0161te djece iz okolnih sela.<\/p>\n<p>Obilan jelovnik je odu\u0161evio sve prisutne, a o Tomislavovom umaku od tikvica pri\u010dalo se doma mamama, kao novom najdra\u017eem jelu svih prisutnih. Svaki dan nas je posjetio netko od \u010dlanova dru\u0161tva, da bi se pridru\u017eili zajedni\u0161tvu i u\u017eivali u gotovo netaknutoj prirodi, a vrlo blizu grada. I malo mo\u017ee biti dovoljno&#8230;<\/p>\n","protected":false},"excerpt":{"rendered":"<p>&#8220;\u2026Ho\u0107e li tko za mnom\u2026&#8221; Lk 9,23 Uz budu\u0107i planinarski dom HPD Sv. Patrika na Cerini, koji je trenuta\u010dno u obnovi, odr\u017ean je prvi Ljetni kamp u trajanju od \u0161est dana. Najbrojniji<a class=\"moretag\" href=\"https:\/\/ekosspiritus.hr\/index.php\/2007\/07\/24\/dogodilo-se-planinarski-tabor-na-cerini-samoborsko-gorje\/\">Read More&#8230;<\/a><\/p>\n","protected":false},"author":1,"featured_media":0,"comment_status":"closed","ping_status":"open","sticky":false,"template":"","format":"standard","meta":{"footnotes":""},"categories":[14],"tags":[],"class_list":["post-228","post","type-post","status-publish","format-standard","hentry","category-lkamp-clanak"],"_links":{"self":[{"href":"https:\/\/ekosspiritus.hr\/index.php\/wp-json\/wp\/v2\/posts\/228","targetHints":{"allow":["GET"]}}],"collection":[{"href":"https:\/\/ekosspiritus.hr\/index.php\/wp-json\/wp\/v2\/posts"}],"about":[{"href":"https:\/\/ekosspiritus.hr\/index.php\/wp-json\/wp\/v2\/types\/post"}],"author":[{"embeddable":true,"href":"https:\/\/ekosspiritus.hr\/index.php\/wp-json\/wp\/v2\/users\/1"}],"replies":[{"embeddable":true,"href":"https:\/\/ekosspiritus.hr\/index.php\/wp-json\/wp\/v2\/comments?post=228"}],"version-history":[{"count":1,"href":"https:\/\/ekosspiritus.hr\/index.php\/wp-json\/wp\/v2\/posts\/228\/revisions"}],"predecessor-version":[{"id":229,"href":"https:\/\/ekosspiritus.hr\/index.php\/wp-json\/wp\/v2\/posts\/228\/revisions\/229"}],"wp:attachment":[{"href":"https:\/\/ekosspiritus.hr\/index.php\/wp-json\/wp\/v2\/media?parent=228"}],"wp:term":[{"taxonomy":"category","embeddable":true,"href":"https:\/\/ekosspiritus.hr\/index.php\/wp-json\/wp\/v2\/categories?post=228"},{"taxonomy":"post_tag","embeddable":true,"href":"https:\/\/ekosspiritus.hr\/index.php\/wp-json\/wp\/v2\/tags?post=228"}],"curies":[{"name":"wp","href":"https:\/\/api.w.org\/{rel}","templated":true}]}}