{"id":25,"date":"2015-07-05T13:09:33","date_gmt":"2015-07-05T13:09:33","guid":{"rendered":"http:\/\/ekosspiritus.hr\/?p=25"},"modified":"2015-12-06T16:42:22","modified_gmt":"2015-12-06T16:42:22","slug":"dogodilo-se-izlet-u-millstadtt-alpe","status":"publish","type":"post","link":"https:\/\/ekosspiritus.hr\/index.php\/2015\/07\/05\/dogodilo-se-izlet-u-millstadtt-alpe\/","title":{"rendered":"DOGODILO SE: Izlet u Millstadtt Alpe"},"content":{"rendered":"<p>Okupili smo se s raznih strana kao planinari, pustolovi, tra\u017eitelji planinske duhovnosti, stari i novi prijatelji i u tri dana zajedni\u0161tva nau\u010dili mnogo toga \u2013 o sebi, jedni o drugima, o Bogu koji nam daruje ovakva iskustva kada nam je najvi\u0161e potrebno.<!--more--> Ako je o motivaciji dolaska svakog putnika govoriti te\u0161ko, o iskustvima je gotovo nemogu\u0107e. Svi gledamo u istom smjeru, ali svatko vidi i do\u017eivi druge stvari.<br \/>\n\u0160to se objektivno dogodilo? Okupilo se 17 ljudi u 4 auta i otputovali smo u grad Millstatt na Millstatt See u Austriji. Oti\u0161li smo u petak, 19. lipnja, vratili se u ponedjeljak, 22. lipnja 2015. Smjestili smo se u samostanu u centru grada gdje nam je doma\u0107in bio \u017eupnik, redovnik dehonijanac Slawomir i njegov kapelan Joseph. Spavali smo u staroj kuli koja je nedavno obnovljena za primanje najavljenih grupa \u2013 koliko nedavno govori \u010dinjenica da smo madrace i posteljinu vadili iz omota u kojima su dostavljeni iz trgovine. Organizacijski dio izleta vodio je Tomislav, za duhovnost i dnevne euharistije brinuo je p. Marko.<br \/>\nOstalo spada pod subjektivno. Vrijeme je bilo\u2026 zanimljivo. Nikako monotono. Prvi dan smo krenuli iz obla\u010dnog, ali toplog vremena u gradu prema visini planine gdje smo prvo hodali u oblaku, zatim pod laganom ki\u0161icom, pa o\u0161trom bockavom solikom, a onda i pravim, pravcatim bo\u017ei\u0107no bijelim snijegom koji se talo\u017eio po kabanicama i naprtnja\u010dama i \u010dudio nas kao i odu\u0161evljavao kao i natjerao da se spustimo do planinarskog doma i utje\u0161imo toplim \u0161trudlama od jabuke, kakaom i sli\u010dnim malim \u017eivotnim radostima. Kada ne mo\u017ee\u0161 dobiti ono \u0161to \u017eeli\u0161, uzme\u0161 ono \u0161to ti se pru\u017ea.<br \/>\nZbog tako skra\u0107enog boravka u planini popodne smo otkrivali grad \u2013 idili\u010dno austrijsko mjesto sa starom jezgrom koja je nastala na benediktinskom samostanu, u kojem su u jednom trenutku bili i vitezovi templari, kasnije isusovci, a sada i mi. Nagledali smo se lijepog cvije\u0107a, ure\u0111enih parkova, degustirali sladolede\u2026 Bilo je optimista koji su ponijeli kupa\u0107e kostime, ali jezero nije sura\u0111ivalo \u2013 mo\u017eda nekom drugom toplijom prilikom.<br \/>\nDrugi dan je zasjalo sunce i omogu\u0107ilo nam da beskrajno dugo hodamo po lijepo markiranim stazama, sa izvorima vode i kravama koje pasu i zvone zvonima oko vrata, sa gustim \u0161umama i strmim livadama, s ogradama od bodljikave \u017eice, puno razgovora i puno smijeha. Imali smo ru\u010dak u visokoj travi i pogled na jezero iza ba\u0161 svakog zavoja\u2026<br \/>\nVe\u010deri smo provodili u dvori\u0161tu samostana, uz fontanu i pod zvjezdanim nebom, a kona\u010dni ukras cijeloj idili je bila vatra koju smo upalili kako bi se uz nju ugrijali, kako bi se prisjetili osje\u0107aja onih nekih jednostavnijih vremena kada je \u017eiv plamen podsje\u0107ao ljude koliko toga instinktivnoga svi nosimo u sebi. Tada se je lak\u0161e opustili, lak\u0161e je zasanjati i odnijeti jedan mali komadi\u0107 topline u srcu ma kamo da te \u017eivot odnese.<br \/>\nA odnio nas je posvuda, zajedno sa na\u0161im do\u017eivljajima i radostima koje smo prikupili da nas vesele \u2013 do neke sljede\u0107e prilike. Da sjednemo zajedno, da se pomolimo, da se upoznamo i ogrijemo na vatrama svega \u0161to nam je u \u017eivotu va\u017eno \u2013 svaki uspod na planinu promijeni ne\u0161to u dolini. Koliko god puta da smo to do\u017eivjeli, jo\u0161 uvijek nas mo\u017ee iznenaditi.<\/p>\n","protected":false},"excerpt":{"rendered":"<p>Okupili smo se s raznih strana kao planinari, pustolovi, tra\u017eitelji planinske duhovnosti, stari i novi prijatelji i u tri dana zajedni\u0161tva nau\u010dili mnogo toga \u2013 o sebi, jedni o drugima, o Bogu<a class=\"moretag\" href=\"https:\/\/ekosspiritus.hr\/index.php\/2015\/07\/05\/dogodilo-se-izlet-u-millstadtt-alpe\/\">Read More&#8230;<\/a><\/p>\n","protected":false},"author":1,"featured_media":145,"comment_status":"closed","ping_status":"open","sticky":false,"template":"","format":"standard","meta":{"footnotes":""},"categories":[16],"tags":[],"class_list":["post-25","post","type-post","status-publish","format-standard","has-post-thumbnail","hentry","category-izleti-clanak"],"_links":{"self":[{"href":"https:\/\/ekosspiritus.hr\/index.php\/wp-json\/wp\/v2\/posts\/25","targetHints":{"allow":["GET"]}}],"collection":[{"href":"https:\/\/ekosspiritus.hr\/index.php\/wp-json\/wp\/v2\/posts"}],"about":[{"href":"https:\/\/ekosspiritus.hr\/index.php\/wp-json\/wp\/v2\/types\/post"}],"author":[{"embeddable":true,"href":"https:\/\/ekosspiritus.hr\/index.php\/wp-json\/wp\/v2\/users\/1"}],"replies":[{"embeddable":true,"href":"https:\/\/ekosspiritus.hr\/index.php\/wp-json\/wp\/v2\/comments?post=25"}],"version-history":[{"count":4,"href":"https:\/\/ekosspiritus.hr\/index.php\/wp-json\/wp\/v2\/posts\/25\/revisions"}],"predecessor-version":[{"id":146,"href":"https:\/\/ekosspiritus.hr\/index.php\/wp-json\/wp\/v2\/posts\/25\/revisions\/146"}],"wp:featuredmedia":[{"embeddable":true,"href":"https:\/\/ekosspiritus.hr\/index.php\/wp-json\/wp\/v2\/media\/145"}],"wp:attachment":[{"href":"https:\/\/ekosspiritus.hr\/index.php\/wp-json\/wp\/v2\/media?parent=25"}],"wp:term":[{"taxonomy":"category","embeddable":true,"href":"https:\/\/ekosspiritus.hr\/index.php\/wp-json\/wp\/v2\/categories?post=25"},{"taxonomy":"post_tag","embeddable":true,"href":"https:\/\/ekosspiritus.hr\/index.php\/wp-json\/wp\/v2\/tags?post=25"}],"curies":[{"name":"wp","href":"https:\/\/api.w.org\/{rel}","templated":true}]}}