{"id":339,"date":"2010-12-20T15:08:38","date_gmt":"2010-12-20T15:08:38","guid":{"rendered":"http:\/\/ekosspiritus.hr\/?p=339"},"modified":"2015-12-21T15:26:14","modified_gmt":"2015-12-21T15:26:14","slug":"dogodilo-se-bozicno-cestitanje-kardinalu-josipu-bozanicu","status":"publish","type":"post","link":"https:\/\/ekosspiritus.hr\/index.php\/2010\/12\/20\/dogodilo-se-bozicno-cestitanje-kardinalu-josipu-bozanicu\/","title":{"rendered":"DOGODILO SE: Bo\u017ei\u0107no \u010destitanje kardinalu Josipu Bozani\u0107u"},"content":{"rendered":"<p>U ponedjeljak, 20. prosinca 2010. godine u Nadbiskupskom dvoru odr\u017eano je tradicionalno bo\u017ei\u0107no \u010destitanje kardinalu Josipu Bozani\u0107u, nadbiskupu zagreba\u010dkom, za voditelje ili predstavnike crkvenih pokreta udruga i zajednica.<\/p>\n<p>Pred \u010detrdesetak predstavnika udruga, kratkim uvodnim govorom obratio se biskupski vikar za laike, dr. Tomislav Marki\u0107, te je kasnije prepustio rije\u010d kardinalu Bozani\u0107u. U svom govoru kardinal je podsjetio kako predstoje\u0107i blagdani Bo\u017ei\u0107a za nas kr\u0161\u0107ane zna\u010de okupljanje \u2013 prvenstveno u na\u0161im obiteljima, a zatim i u na\u0161im zajednicama, u na\u0161im \u017eupama i u na\u0161oj domovini i izvan nje \u2013 okupljanje u radosnom i\u0161\u010dekivanju ro\u0111enja Kristova. Okupljanje sli\u010dno onom u Betlehemu kad su se oko novoro\u0111enog Kralja, uz Mariju i Josipa, okupili an\u0111eli, pastiri, mudraci\u2026<br \/>\nKardinal je istaknuo kako na predstoje\u0107i pastirski pohod Svetog Oca pape Benedikta XVI. treba gledati kao na izrazitu milost, jer je Sveti Otac izabrao upravo Hrvatsku kao jednu od ukupno tri papinske destinacije u 2011. godini. Uz moto \u201eZajedno u Kristu\u201c ponovno je naglasak stavio na zajedni\u0161tvo, i to ne obi\u010dno, ve\u0107 \u201eu Kristu\u201c. Sve prisutne predstavnike crkvenih pokreta i udruga, nazvav\u0161i ih \u201eapostolima vjere\u201c, zamolio je da afirmiraju svoje \u010dlanove da, osim u molitvi, i na druge na\u010dine podr\u017ee dolazak Svetog Oca uz maksimalan odaziv svih mladih na molitveno bdijenje na sredi\u0161njem zagreba\u010dkom Trgu bana Josipa Jela\u010di\u0107a, 4. lipnja 2011. godine, te naravno, dan kasnije, na zagreba\u010dkom hipodromu na sve\u010dano euharistijsko slavlje u povodu Nacionalnog susreta hrvatskih katoli\u010dkih obitelji.<\/p>\n<p><a href=\"http:\/\/ekosspiritus.hr\/wp-content\/uploads\/2015\/12\/dar.jpg\" rel=\"attachment wp-att-340\"><img loading=\"lazy\" decoding=\"async\" class=\"size-medium wp-image-340 alignleft\" src=\"http:\/\/ekosspiritus.hr\/wp-content\/uploads\/2015\/12\/dar-300x300.jpg\" alt=\"_dar\" width=\"300\" height=\"300\" srcset=\"https:\/\/ekosspiritus.hr\/wp-content\/uploads\/2015\/12\/dar-300x300.jpg 300w, https:\/\/ekosspiritus.hr\/wp-content\/uploads\/2015\/12\/dar-150x150.jpg 150w, https:\/\/ekosspiritus.hr\/wp-content\/uploads\/2015\/12\/dar.jpg 458w\" sizes=\"auto, (max-width: 300px) 100vw, 300px\" \/><\/a>Upravo je iz tog razloga ove godine Udrugu Ekosspiritus predstavljala obitelj Ivir: Franka, Luka, Tomo, Silvija i Tomislav (predsjednik udruge). Nakon \u010destitke, kardinal je zamolio predstavnike da ukratko predstave svoje udruge. Mnogobrojne predstavnike katoli\u010dkih udruga i pokreta podsjetili smo da na\u0161a Udruga broji nekoliko stotina \u010dlanova u nekoliko razina \u010dlanstva, da djeluje na gotovo \u010ditavom podru\u010dju na\u0161e domovine, podsjetili smo ih na na\u0161 najpoznatiji projekt PKP, na to da na obroncima Samoborskog gorja, na Cerini, gradimo planinarski dom i duhovni centar\u2026 Tom smo prilikom, uz \u010destitke za predstoje\u0107e bo\u017ei\u0107ne blagdane i novu godinu, nadbiskupu uru\u010dili prigodni poklon paket sa samoborskim delicijama i kerami\u010dku plo\u010dicu sa stiliziranim Cerinskim virom, rad Silvije Ivir, \u0161to \u0107e uskoro postati tradicionalni suvenir na Cerini.<\/p>\n<p>&nbsp;<\/p>\n<p>Na pole\u0111ini smo ispisali sljede\u0107i tekst:<\/p>\n<p>CERINSKI VIR (Samoborsko gorje)<br \/>\nPod vrhom Podjelak, a odmah ispod<br \/>\nsela Veliki Lipovec s jedne strane i<br \/>\nCerine s druge strane, te\u010de potok Javorec<br \/>\nkoji se s visine ru\u0161i preko kamenih kotli i<br \/>\nkasnije preko sedre u dubinu od desetak<br \/>\nmetara i tvori jedan od najljep\u0161ih slapova<br \/>\nu Samoborskom gorju.<br \/>\nU kotlima su se nekad kupala djeca, u<br \/>\npotoku hvatala rakove i ribe. Danas tu<br \/>\ndolaze izletnici i planinari koji markiranim<br \/>\nputem nastavljaju za Japeti\u0107 ili Gostinjac<br \/>\nsv. Bernarda.<br \/>\nSlap, Cerinski vir, kako ga starosjedioci<br \/>\nnazivaju, posebno je lijep u prolje\u0107e i kasnu<br \/>\njesen kad obiluje vodom ili zimi kad je<br \/>\nzale\u0111en pa u igri sunca i leda sjaji svim bojama.<br \/>\nU blizini Vira je Planinarski dom sv. Patrika u<br \/>\nstarom kamenom objektu udruge Ekosspiritus.<br \/>\nRu\u010dni rad | Silvija Ivir | Samobor<\/p>\n<p>Ovakvi susreti su prilika za afirmiranje na\u0161e Udruge i na\u0161eg djelovanja, osim pred predstavnicima drugih katoli\u010dkih pokreta, udruga i zajednica, i pred kardinalom i njegovim najbli\u017eim suradnicima \u2013 osvje\u0161tavaju\u0107i na\u0161e djelovanje i na\u0161 doprinos u \u0161irenju vjere i svega pozitivnog prvenstveno me\u0111u mladima \u010ditave domovine Hrvatske.<\/p>\n","protected":false},"excerpt":{"rendered":"<p>U ponedjeljak, 20. prosinca 2010. godine u Nadbiskupskom dvoru odr\u017eano je tradicionalno bo\u017ei\u0107no \u010destitanje kardinalu Josipu Bozani\u0107u, nadbiskupu zagreba\u010dkom, za voditelje ili predstavnike crkvenih pokreta udruga i zajednica. Pred \u010detrdesetak predstavnika udruga,<a class=\"moretag\" href=\"https:\/\/ekosspiritus.hr\/index.php\/2010\/12\/20\/dogodilo-se-bozicno-cestitanje-kardinalu-josipu-bozanicu\/\">Read More&#8230;<\/a><\/p>\n","protected":false},"author":1,"featured_media":341,"comment_status":"closed","ping_status":"open","sticky":false,"template":"","format":"standard","meta":{"footnotes":""},"categories":[1],"tags":[],"class_list":["post-339","post","type-post","status-publish","format-standard","has-post-thumbnail","hentry","category-ekosspiritus"],"_links":{"self":[{"href":"https:\/\/ekosspiritus.hr\/index.php\/wp-json\/wp\/v2\/posts\/339","targetHints":{"allow":["GET"]}}],"collection":[{"href":"https:\/\/ekosspiritus.hr\/index.php\/wp-json\/wp\/v2\/posts"}],"about":[{"href":"https:\/\/ekosspiritus.hr\/index.php\/wp-json\/wp\/v2\/types\/post"}],"author":[{"embeddable":true,"href":"https:\/\/ekosspiritus.hr\/index.php\/wp-json\/wp\/v2\/users\/1"}],"replies":[{"embeddable":true,"href":"https:\/\/ekosspiritus.hr\/index.php\/wp-json\/wp\/v2\/comments?post=339"}],"version-history":[{"count":3,"href":"https:\/\/ekosspiritus.hr\/index.php\/wp-json\/wp\/v2\/posts\/339\/revisions"}],"predecessor-version":[{"id":344,"href":"https:\/\/ekosspiritus.hr\/index.php\/wp-json\/wp\/v2\/posts\/339\/revisions\/344"}],"wp:featuredmedia":[{"embeddable":true,"href":"https:\/\/ekosspiritus.hr\/index.php\/wp-json\/wp\/v2\/media\/341"}],"wp:attachment":[{"href":"https:\/\/ekosspiritus.hr\/index.php\/wp-json\/wp\/v2\/media?parent=339"}],"wp:term":[{"taxonomy":"category","embeddable":true,"href":"https:\/\/ekosspiritus.hr\/index.php\/wp-json\/wp\/v2\/categories?post=339"},{"taxonomy":"post_tag","embeddable":true,"href":"https:\/\/ekosspiritus.hr\/index.php\/wp-json\/wp\/v2\/tags?post=339"}],"curies":[{"name":"wp","href":"https:\/\/api.w.org\/{rel}","templated":true}]}}