{"id":421,"date":"2016-01-23T19:43:07","date_gmt":"2016-01-23T19:43:07","guid":{"rendered":"http:\/\/ekosspiritus.hr\/?p=421"},"modified":"2016-01-23T19:43:07","modified_gmt":"2016-01-23T19:43:07","slug":"odrzana-godisnja-skupstina-udruge-ekosspiritus","status":"publish","type":"post","link":"https:\/\/ekosspiritus.hr\/index.php\/2016\/01\/23\/odrzana-godisnja-skupstina-udruge-ekosspiritus\/","title":{"rendered":"Odr\u017eana Godi\u0161nja skup\u0161tina udruge Ekosspiritus"},"content":{"rendered":"<p>U subotu 23. sije\u010dnja 2016. godine odr\u017eana je Predstavni\u010dka godi\u0161nja skup\u0161tina udruge Ekosspiritus na Cerini. Predstavnici svih \u0161est sekcija udruge okupili su se na Skup\u0161tini koju su zapo\u010deli svetom misom koju je predslavio vl\u010d. Robert Mokri, duhovnik udruge.<\/p>\n<p>Skup\u0161tina je imala sedam to\u010daka dnevnog reda, a svake godine najdinami\u010dnija to\u010dka je izglasavanje godi\u0161njeg plana. Predlo\u017een je niz aktivnosti u svakoj sekciji, a \u010dlanovi skup\u0161tine potvrdili su predlo\u017eene planove. Neke aktivnosti su ve\u0107 uhodane, dobro posje\u0107ene od \u010dlanova, a u planu imamo i neke novosti. Jedna od\u00a0glavnih aktivnosti svakako \u0107e biti\u00a0do\u010dekivanje planinara u planinarskom domu &#8220;Cerinski vir&#8221; na Cerini.<br \/>\n\u010clanovi skup\u0161tine imali su i zajedni\u010dki ru\u010dak, te ostali u dru\u017eenju do kasnih popodnevnih sati.<\/p>\n<p>Vjerujemo da \u0107e jubilej milosr\u0111a donijeti obilne plodove i u na\u0161oj udruzi, pomo\u0107i nam da svladamo sve prepreke, te sva na\u0161a nastojanja pro\u017eeti svojom ljubavlju&#8230;<\/p>\n<p>&#8220;Moje dijete, znaj da je najve\u0107a prepreka svetosti bezvolja i bezrazlo\u017ean nemir. On ti oduzima mogu\u0107nost vje\u017ebati se u krjeposti. Sve ku\u0161nje zajedno ne smiju ti ni na trenutak oduzeti nutarnji mir, a uznemirenost i bezvolja plod su tvoja sebeljublja. Ne smije\u0161 gubiti volju, nego se uvijek truditi da umjesto sebeljublja zavlada moja ljubav.&#8221; (sv. Faustina Kowalska)<\/p>\n","protected":false},"excerpt":{"rendered":"<p>U subotu 23. sije\u010dnja 2016. godine odr\u017eana je Predstavni\u010dka godi\u0161nja skup\u0161tina udruge Ekosspiritus na Cerini. Predstavnici svih \u0161est sekcija udruge okupili su se na Skup\u0161tini koju su zapo\u010deli svetom misom koju je<a class=\"moretag\" href=\"https:\/\/ekosspiritus.hr\/index.php\/2016\/01\/23\/odrzana-godisnja-skupstina-udruge-ekosspiritus\/\">Read More&#8230;<\/a><\/p>\n","protected":false},"author":2,"featured_media":422,"comment_status":"closed","ping_status":"open","sticky":false,"template":"","format":"standard","meta":{"footnotes":""},"categories":[1],"tags":[],"class_list":["post-421","post","type-post","status-publish","format-standard","has-post-thumbnail","hentry","category-ekosspiritus"],"_links":{"self":[{"href":"https:\/\/ekosspiritus.hr\/index.php\/wp-json\/wp\/v2\/posts\/421","targetHints":{"allow":["GET"]}}],"collection":[{"href":"https:\/\/ekosspiritus.hr\/index.php\/wp-json\/wp\/v2\/posts"}],"about":[{"href":"https:\/\/ekosspiritus.hr\/index.php\/wp-json\/wp\/v2\/types\/post"}],"author":[{"embeddable":true,"href":"https:\/\/ekosspiritus.hr\/index.php\/wp-json\/wp\/v2\/users\/2"}],"replies":[{"embeddable":true,"href":"https:\/\/ekosspiritus.hr\/index.php\/wp-json\/wp\/v2\/comments?post=421"}],"version-history":[{"count":1,"href":"https:\/\/ekosspiritus.hr\/index.php\/wp-json\/wp\/v2\/posts\/421\/revisions"}],"predecessor-version":[{"id":423,"href":"https:\/\/ekosspiritus.hr\/index.php\/wp-json\/wp\/v2\/posts\/421\/revisions\/423"}],"wp:featuredmedia":[{"embeddable":true,"href":"https:\/\/ekosspiritus.hr\/index.php\/wp-json\/wp\/v2\/media\/422"}],"wp:attachment":[{"href":"https:\/\/ekosspiritus.hr\/index.php\/wp-json\/wp\/v2\/media?parent=421"}],"wp:term":[{"taxonomy":"category","embeddable":true,"href":"https:\/\/ekosspiritus.hr\/index.php\/wp-json\/wp\/v2\/categories?post=421"},{"taxonomy":"post_tag","embeddable":true,"href":"https:\/\/ekosspiritus.hr\/index.php\/wp-json\/wp\/v2\/tags?post=421"}],"curies":[{"name":"wp","href":"https:\/\/api.w.org\/{rel}","templated":true}]}}