{"id":473,"date":"2016-02-17T12:51:36","date_gmt":"2016-02-17T12:51:36","guid":{"rendered":"http:\/\/ekosspiritus.hr\/?p=473"},"modified":"2016-02-17T12:51:36","modified_gmt":"2016-02-17T12:51:36","slug":"najavljujemo-obiteljski-planinarski-krizni-put","status":"publish","type":"post","link":"https:\/\/ekosspiritus.hr\/index.php\/2016\/02\/17\/najavljujemo-obiteljski-planinarski-krizni-put\/","title":{"rendered":"Najavljujemo Obiteljski planinarski kri\u017eni put"},"content":{"rendered":"<p>Na Obiteljskom planinarskom kri\u017enom putu se ve\u0107 nekoliko godina okupljaju \u010ditave obitelji, roditelji s djecom, pojedinci koji nisu vi\u010dni duga\u010dkom hodu i oni najstariji, bake i djedovi. Ove godine odr\u017eat \u0107e se u subotu, 5. o\u017eujka 2016., s po\u010detkom u 9:15 sati u Smerovi\u0161\u0107u, kod kri\u017ea.<\/p>\n<p>Iz Smerovi\u0161\u0107a trasa puta ide prema Slanom Dolu, odakle se spu\u0161ta nazad na Smerovi\u0161\u0107e i nastavlja do Cerine gdje \u0107e biti zajedni\u010dki ru\u010dak i euharistija oko 14:00 sati.<\/p>\n<p>Automobil je najbolje ostaviti u Smerovi\u0161\u0107u ili na prilaznoj cesti za Cerinu.<\/p>\n<p>Radi lak\u0161eg organiziranja ru\u010dka i trase\u00a0puta potrebno je izvr\u0161iti prijavu u kojoj treba navesti imena i prezimena sudionika, te dob djece. Kotizacija po obitelji je 70 kuna \u00a0 \u00a0(bez obzira na broj djece), a ona pokriva tro\u0161kove ru\u010dka. Ru\u010dak \u0107e kao i obi\u010dno biti prilago\u0111en djeci, s drugim jelovnikom za odrasle. Molimo vas, ispecite kola\u010d! Po dolasku u Smerovi\u0161\u0107e, mo\u017eete predati kola\u010de koje \u0107emo staviti na zajedni\u010dki stol.<br \/>\nKotizacija se pla\u0107a kod dolaska u Smerovi\u0161\u0107e. Pi\u0107e \u0107e se na domu Cerinski Vir mo\u0107i nabaviti po povoljnim cijenama.<\/p>\n<p>Prijave su isklju\u010divo na mail: obiteljskipkp@gmail.com<\/p>\n<p>Radosno vas o\u010dekujemo!<\/p>\n","protected":false},"excerpt":{"rendered":"<p>Na Obiteljskom planinarskom kri\u017enom putu se ve\u0107 nekoliko godina okupljaju \u010ditave obitelji, roditelji s djecom, pojedinci koji nisu vi\u010dni duga\u010dkom hodu i oni najstariji, bake i djedovi. Ove godine odr\u017eat \u0107e se<a class=\"moretag\" href=\"https:\/\/ekosspiritus.hr\/index.php\/2016\/02\/17\/najavljujemo-obiteljski-planinarski-krizni-put\/\">Read More&#8230;<\/a><\/p>\n","protected":false},"author":2,"featured_media":474,"comment_status":"closed","ping_status":"open","sticky":false,"template":"","format":"standard","meta":{"footnotes":""},"categories":[8],"tags":[],"class_list":["post-473","post","type-post","status-publish","format-standard","has-post-thumbnail","hentry","category-pkp-najava-2"],"_links":{"self":[{"href":"https:\/\/ekosspiritus.hr\/index.php\/wp-json\/wp\/v2\/posts\/473","targetHints":{"allow":["GET"]}}],"collection":[{"href":"https:\/\/ekosspiritus.hr\/index.php\/wp-json\/wp\/v2\/posts"}],"about":[{"href":"https:\/\/ekosspiritus.hr\/index.php\/wp-json\/wp\/v2\/types\/post"}],"author":[{"embeddable":true,"href":"https:\/\/ekosspiritus.hr\/index.php\/wp-json\/wp\/v2\/users\/2"}],"replies":[{"embeddable":true,"href":"https:\/\/ekosspiritus.hr\/index.php\/wp-json\/wp\/v2\/comments?post=473"}],"version-history":[{"count":1,"href":"https:\/\/ekosspiritus.hr\/index.php\/wp-json\/wp\/v2\/posts\/473\/revisions"}],"predecessor-version":[{"id":475,"href":"https:\/\/ekosspiritus.hr\/index.php\/wp-json\/wp\/v2\/posts\/473\/revisions\/475"}],"wp:featuredmedia":[{"embeddable":true,"href":"https:\/\/ekosspiritus.hr\/index.php\/wp-json\/wp\/v2\/media\/474"}],"wp:attachment":[{"href":"https:\/\/ekosspiritus.hr\/index.php\/wp-json\/wp\/v2\/media?parent=473"}],"wp:term":[{"taxonomy":"category","embeddable":true,"href":"https:\/\/ekosspiritus.hr\/index.php\/wp-json\/wp\/v2\/categories?post=473"},{"taxonomy":"post_tag","embeddable":true,"href":"https:\/\/ekosspiritus.hr\/index.php\/wp-json\/wp\/v2\/tags?post=473"}],"curies":[{"name":"wp","href":"https:\/\/api.w.org\/{rel}","templated":true}]}}