{"id":531,"date":"2016-04-10T19:03:22","date_gmt":"2016-04-10T19:03:22","guid":{"rendered":"http:\/\/ekosspiritus.hr\/?p=531"},"modified":"2016-04-10T19:03:22","modified_gmt":"2016-04-10T19:03:22","slug":"najavljujemo-misu-na-cerini","status":"publish","type":"post","link":"https:\/\/ekosspiritus.hr\/index.php\/2016\/04\/10\/najavljujemo-misu-na-cerini\/","title":{"rendered":"Najavljujemo misu na Cerini"},"content":{"rendered":"<p>Misa na Cerini u \u010dast sv. Jurja i izlo\u017eba povodom 85. ro\u0111endana bake Evice Vlahovi\u0107, najstarije \u010dlanice Udruge Sv. Izidora Seljaka u\u00a0subotu, 23. travnja 2016. godine u 17:00 sati.<\/p>\n<p>Ove godine navr\u0161ava se 40 godina\u00a0od podizanja raspela na Cerini koje su podigli mje\u0161tani 1976. godine me\u0111u svojim kletima i vinogradima u zahvalu Bogu za plodove zemlje, a na \u010dast sv. Jurju, mu\u010deniku.<br \/>\nU travnju se navr\u0161ava i 85. godina \u017eivota bake Evice Vlahovi\u0107, najstarije \u010dlanice udruge Sv. Izidora koja djeluje pri Ekosspiritusu. Tim povodom na Cerini \u0107e biti otvorena prigodna izlo\u017eba \u00a0pod nazivom &#8220;Baka Evica &#8211; \u010duvarica ba\u0161tine samoborskog kraja&#8221;. Izlo\u017ebu su priredili \u010dlanovi Dru\u0161tva sv. Izidora Seljaka.<\/p>\n<p>Program po\u010dinje misom kraj raspela u 17:00 sati, nastavlja se otvorenjem izlo\u017ebe i prigodnim domjenkom. Zajedni\u010dki stol mo\u017eete obogatiti kola\u010dem ili sokom.<\/p>\n<p>Svi ste dobro do\u0161li!<\/p>\n","protected":false},"excerpt":{"rendered":"<p>Misa na Cerini u \u010dast sv. Jurja i izlo\u017eba povodom 85. ro\u0111endana bake Evice Vlahovi\u0107, najstarije \u010dlanice Udruge Sv. Izidora Seljaka u\u00a0subotu, 23. travnja 2016. godine u 17:00 sati. Ove godine navr\u0161ava<a class=\"moretag\" href=\"https:\/\/ekosspiritus.hr\/index.php\/2016\/04\/10\/najavljujemo-misu-na-cerini\/\">Read More&#8230;<\/a><\/p>\n","protected":false},"author":2,"featured_media":532,"comment_status":"closed","ping_status":"open","sticky":false,"template":"","format":"standard","meta":{"footnotes":""},"categories":[22],"tags":[],"class_list":["post-531","post","type-post","status-publish","format-standard","has-post-thumbnail","hentry","category-cerina-najava"],"_links":{"self":[{"href":"https:\/\/ekosspiritus.hr\/index.php\/wp-json\/wp\/v2\/posts\/531","targetHints":{"allow":["GET"]}}],"collection":[{"href":"https:\/\/ekosspiritus.hr\/index.php\/wp-json\/wp\/v2\/posts"}],"about":[{"href":"https:\/\/ekosspiritus.hr\/index.php\/wp-json\/wp\/v2\/types\/post"}],"author":[{"embeddable":true,"href":"https:\/\/ekosspiritus.hr\/index.php\/wp-json\/wp\/v2\/users\/2"}],"replies":[{"embeddable":true,"href":"https:\/\/ekosspiritus.hr\/index.php\/wp-json\/wp\/v2\/comments?post=531"}],"version-history":[{"count":1,"href":"https:\/\/ekosspiritus.hr\/index.php\/wp-json\/wp\/v2\/posts\/531\/revisions"}],"predecessor-version":[{"id":533,"href":"https:\/\/ekosspiritus.hr\/index.php\/wp-json\/wp\/v2\/posts\/531\/revisions\/533"}],"wp:featuredmedia":[{"embeddable":true,"href":"https:\/\/ekosspiritus.hr\/index.php\/wp-json\/wp\/v2\/media\/532"}],"wp:attachment":[{"href":"https:\/\/ekosspiritus.hr\/index.php\/wp-json\/wp\/v2\/media?parent=531"}],"wp:term":[{"taxonomy":"category","embeddable":true,"href":"https:\/\/ekosspiritus.hr\/index.php\/wp-json\/wp\/v2\/categories?post=531"},{"taxonomy":"post_tag","embeddable":true,"href":"https:\/\/ekosspiritus.hr\/index.php\/wp-json\/wp\/v2\/tags?post=531"}],"curies":[{"name":"wp","href":"https:\/\/api.w.org\/{rel}","templated":true}]}}