{"id":551,"date":"2016-04-24T18:39:48","date_gmt":"2016-04-24T18:39:48","guid":{"rendered":"http:\/\/ekosspiritus.hr\/?p=551"},"modified":"2016-04-24T18:39:48","modified_gmt":"2016-04-24T18:39:48","slug":"proslavljeno-jurjevo-na-cerini","status":"publish","type":"post","link":"https:\/\/ekosspiritus.hr\/index.php\/2016\/04\/24\/proslavljeno-jurjevo-na-cerini\/","title":{"rendered":"Proslavljeno Jurjevo na Cerini"},"content":{"rendered":"<p>Jurjevska misa na Cerini i prigodna izlo\u017eba povodom 85. ro\u0111endana Evice Vlahovi\u0107, najstarije \u010dlanice Dru\u0161tva sv. Izidora Seljaka<\/p>\n<p>\u017dupa Nor\u0161i\u0107 Selo i udruga Ekosspiritus proslavili su na blagdan sv. Jurja, u subotu 23. travnja 2016., 40. obljetnicu podizanja raspela u Cerini .<br \/>\nSve\u010dano misno slavlje pred ve\u0107im brojem vjernika predvodio je vl\u010d. Darko Banfi\u0107, doma\u0107i \u017eupnik . Misnom slavlju prethodila je krunica koju su predmolili \u010dlanovi Dru\u0161tva sv. Izidora Seljaka \u010dija je adresa upravo na Cerini , u ku\u0107i zajednice Ekosspiritus.<br \/>\nNa po\u010detku misnog slavlja \u017eupnik je izrazio svoju osobnu radost \u0161to mo\u017ee biti u zajedni\u0161tvu proslave ove lijepe obljetnice gradnje raspela o 40. obljetnici, te slaviti misu za sve one koji su slo\u017eno podigli raspelo 1976. godine, \u017eele\u0107i me\u0111u svojim vinogradima i kletima istaknuti znak ljubavi Boga, Krista.<br \/>\nU svojoj propovjedi \u017eupnik Banfi\u0107 tuma\u010dio je evan\u0111elje u kojem Krist poziva na bratsku ljubav, te pozvao sve prisutne na \u017eivljenje kr\u0161\u0107anske ljubavi i nasljedovanje sv. Jurja, sveca koji je Krista zavolio i \u017eivio svoj \u017eivot na temeljima evan\u0111elja.<br \/>\n\u010clanovi Dru\u0161tva sv. Izidora Seljaka sudjelovali su na misnom slavlju u svojim narodnim no\u0161njama, te predvodili pjevanje tijekom euharistije.<br \/>\nGlavni inicijator podizanja raspela bio je Juraj Bo\u0161njak iz Gornjeg Kraja, a zemlji\u0161te je darovala obitelj Ivana Gun\u010di\u0107a . Uz njih suglasnost su dali svi \u201emeja\u0161i\u201c koji su ve\u0107inom nosili ime po sv. Jurju, pa je raspelo podignuto u \u010dast sv. Jurju, mu\u010deniku iz prvih kr\u0161\u0107anskih vremena.<br \/>\nUbrzo je glavni inicijator, gospodin Bo\u0161njak, bio zatvoren od komunisti\u010dkih vlasti jer se me\u0111u pukom uvijek na\u0111e protivnika vjeri. No unato\u010d nevoljama koje su zapo\u010dele nakon prve mise\u00a0pred raspelom, 2. svibnja, narod se po\u010deo okupljati svake godine na proslavu Boga i sv. Jurja u nedjelju u osmini proslave sveca. Uz manji ili ve\u0107i broj vjernika, samoborski kapelani dolazili bi na Cerinu, pa je nastavio vl\u010d. Zdravko Novak, upravitelj \u017eupe Lug i Nor\u0161i\u0107 Sela, pa vl\u010d. Damir Ba\u010dun i u novije vrijeme vl\u010d. Darko Banfi\u0107, upravitelj \u017eupe Nor\u0161i\u0107 Selo.<br \/>\nOd inicijatora gradnje raspela danas su \u017eivi Rudolf Hersa i Stjepan Gun\u010di\u0107, a dolaskom na Cerinu i obnovom stare zidanice koja je odmah do raspela brigu oko raspela preuzela je zajednica Ekosspiritus koja ga je temeljito obnovila prije nekoliko godina.<br \/>\nSve prisutne pozdravio je i Radovan Libri\u0107, podsjetiv\u0161i na povijest gradnje raspela i zahvaljuju\u0107i svima koji se danas brinu oko ure\u0111enja okoli\u0161a raspela, te domjenku koji se jednom godi\u0161nje organizira nakon mise na Cerini. Tako su opet stanovnici Cerine, njihovi prijatelji i kumovi, mje\u0161tani iz okolnih sela, te \u010dlanovi Udruge prinijeli na zajedni\u010dki stol delicije iz svojih obitelji da bi obogatili veliki stol zajedni\u0161tva u kojem se nagla\u0161ava dobra samoborska tradicija zajedni\u010dkog blagovanja.<br \/>\nOvo okupljanje bila je prilika i za otvaranje izlo\u017ebe posve\u0107ene Evici Vlaghovi\u0107 koja je pred neki dan proslavila svoj 85. ro\u0111endan, a kao titularna dopredsjednica Dru\u0161tva sv. Izidora Seljaka svima je omiljena i draga \u010dlanica. \u010clanovi Dru\u0161tva postavili su lijepu izlo\u017ebu pod naslovom: \u201eEvica Vlahovi\u0107, \u010duvarica ba\u0161tine samoborskog kraja\u201c, zahvaliv\u0161i Evici na svem njezinom trudu oko o\u010duvanja ba\u0161tine i tradicije u na\u0161em kraju.<br \/>\nIzlo\u017ebu su postavili \u010dlanovi Dru\u0161tva: Vlado Kenda, Tomislav Ivir, Marko Hrka\u010d i Radovan Libri\u0107, a otvorio ju je Radovan Libri\u0107, vjerou\u010ditelj. Izlo\u017eba sadr\u017ei Evi\u010dine radove izra\u0111ene raznim tehnikama, te fotografije Evice u svim varijantama narodne no\u0161nje koju svojim djelovanjem \u017eeli o\u010duvati. Uz izlo\u017ebu izdan je mali katalog.<br \/>\nIzlo\u017eba je postavljena u planinarskom domu Cerinski vir, a \u00a0mo\u017ee se razgledati svakog vikenda do 19. lipnja 2016.<br \/>\nSvi okupljeni zadr\u017eali su se u zajedni\u0161tvu do kasnih ve\u010dernjih sati zahvaljuju\u0107i Bogu na lijepom zajedni\u0161tvu i me\u0111usobnom prijateljstvu.<\/p>\n","protected":false},"excerpt":{"rendered":"<p>Jurjevska misa na Cerini i prigodna izlo\u017eba povodom 85. ro\u0111endana Evice Vlahovi\u0107, najstarije \u010dlanice Dru\u0161tva sv. Izidora Seljaka \u017dupa Nor\u0161i\u0107 Selo i udruga Ekosspiritus proslavili su na blagdan sv. Jurja, u subotu<a class=\"moretag\" href=\"https:\/\/ekosspiritus.hr\/index.php\/2016\/04\/24\/proslavljeno-jurjevo-na-cerini\/\">Read More&#8230;<\/a><\/p>\n","protected":false},"author":2,"featured_media":552,"comment_status":"closed","ping_status":"open","sticky":false,"template":"","format":"standard","meta":{"footnotes":""},"categories":[23],"tags":[],"class_list":["post-551","post","type-post","status-publish","format-standard","has-post-thumbnail","hentry","category-cerina-clanak"],"_links":{"self":[{"href":"https:\/\/ekosspiritus.hr\/index.php\/wp-json\/wp\/v2\/posts\/551","targetHints":{"allow":["GET"]}}],"collection":[{"href":"https:\/\/ekosspiritus.hr\/index.php\/wp-json\/wp\/v2\/posts"}],"about":[{"href":"https:\/\/ekosspiritus.hr\/index.php\/wp-json\/wp\/v2\/types\/post"}],"author":[{"embeddable":true,"href":"https:\/\/ekosspiritus.hr\/index.php\/wp-json\/wp\/v2\/users\/2"}],"replies":[{"embeddable":true,"href":"https:\/\/ekosspiritus.hr\/index.php\/wp-json\/wp\/v2\/comments?post=551"}],"version-history":[{"count":1,"href":"https:\/\/ekosspiritus.hr\/index.php\/wp-json\/wp\/v2\/posts\/551\/revisions"}],"predecessor-version":[{"id":553,"href":"https:\/\/ekosspiritus.hr\/index.php\/wp-json\/wp\/v2\/posts\/551\/revisions\/553"}],"wp:featuredmedia":[{"embeddable":true,"href":"https:\/\/ekosspiritus.hr\/index.php\/wp-json\/wp\/v2\/media\/552"}],"wp:attachment":[{"href":"https:\/\/ekosspiritus.hr\/index.php\/wp-json\/wp\/v2\/media?parent=551"}],"wp:term":[{"taxonomy":"category","embeddable":true,"href":"https:\/\/ekosspiritus.hr\/index.php\/wp-json\/wp\/v2\/categories?post=551"},{"taxonomy":"post_tag","embeddable":true,"href":"https:\/\/ekosspiritus.hr\/index.php\/wp-json\/wp\/v2\/tags?post=551"}],"curies":[{"name":"wp","href":"https:\/\/api.w.org\/{rel}","templated":true}]}}