{"id":554,"date":"2016-04-26T12:31:44","date_gmt":"2016-04-26T12:31:44","guid":{"rendered":"http:\/\/ekosspiritus.hr\/?p=554"},"modified":"2016-04-26T12:31:44","modified_gmt":"2016-04-26T12:31:44","slug":"najavljujemo-jednodnevni-izlet-na-sjeverni-velebit","status":"publish","type":"post","link":"https:\/\/ekosspiritus.hr\/index.php\/2016\/04\/26\/najavljujemo-jednodnevni-izlet-na-sjeverni-velebit\/","title":{"rendered":"Najavljujemo jednodnevni izlet na Sjeverni Velebit"},"content":{"rendered":"<p>Hrvatsko planinarsko dru\u0161tvo svetog Patrika organizira jednodnevni izlet na planinarski dom Zavi\u017ean u Nacionalnom parku Sjeverni Velebit<\/p>\n<p>Izlet je planiran za subotu, 4. lipnja s polaskom iz Samobora u 6.00 sati (gara\u017ea Samobor\u010deka) i iz Zagreba u 6.30 sati (Ispred KD Vatroslav Lisinski). Sve informacije mo\u017eete dobiti , kao i rezervirati svoje mjesto na mail: radovan.libric@zg.t-com.hr . Kad se popuni autobus, biti \u0107ete obavije\u0161teni o mjestu uplate izleta.<br \/>\nPovratak u Zagreb planiran je oko 20.00 sati<\/p>\n<p>Hranu treba ponijeti u svojem ruksaku, a pi\u0107e se mo\u017ee nabaviti u planinarskom domu.<\/p>\n<p>Posjetiti \u0107emo planinarski dom na Zavi\u017eanu (1594 m), botani\u010dki vrt , sirarnu u Krasnom i sveti\u0161te Majke Bo\u017eje na Krasnom.<br \/>\nZa one koji nisu vi\u010dni planinarenju biti \u0107e dovoljno u\u017eivati u pogledima na otoke Kvarnera, te lak\u0161im \u0161etnjama u okolici planinarskog doma i razgledu metorolo\u0161ke postaje koju vode ve\u0107 tri generacije \u010dlanovi obitelji Vuku\u0161i\u0107.<br \/>\nZa planinare, planiran je uspon na Balinovac i Veliki Zavi\u017ean.<\/p>\n<p>________________________________________________________________<\/p>\n<p>Zavi\u017ean je jedan od najpoznatijih lokaliteta u Nacionalnom parku Sjeverni Velebit. Na 1594 m nadmorske visine, ispod vrha Vu\u010djak, smje\u0161ten je Planinarski dom Zavi\u017ean i najstarija visinska meterolo\u0161ka postaja u Hrvatskoj, osnovana 1953. godine.<br \/>\nPrilaz domu je lagan, a od parkirali\u0161ta autobusa do doma ima 15 minuta hoda.<\/p>\n<p>Planinarski dom Zavi\u017ean izgra\u0111en je na temeljima nekada\u0161nje Kraja\u010deve ku\u0107e sagra\u0111ene davne 1927. godine. Kraja\u010deva je ku\u0107a za vrijeme Drugog svjetskog rata uru\u0161ena te je Hrvatski planinarski savez, uz pomo\u0107 planinara iz Senja, 1951. godine zapo\u010deo graditi novi planinarski dom koji je otvoren 27. 7. 1953. godine.<\/p>\n<p>Krasno je jedno od na\u0161ih najve\u0107ih planinskih naselja, smjestilo se na sjevernim obroncima Velebita na oko 800 m n.v., u granicama Parka prirode Velebit. Selo se sastoji od \u010detrnaest zaselaka ra\u0161trkanih u slikovitoj Krasnarskoj dolini koja je sa svih strana okru\u017eena visokim i \u0161umovitim strminama i vrhovima. Zaseoci ve\u0107inom nose nazive po prezimenima ljudi koji ovdje \u017eive: Vukeli\u0107i, Glava\u0161i, Ani\u0107i, Dev\u010di\u0107i i dr.<br \/>\nPovrh sela nalazi se nadaleko poznato Sveti\u0161te Majke Bo\u017eje od Krasna iz XVIII. stolje\u0107a.<\/p>\n","protected":false},"excerpt":{"rendered":"<p>Hrvatsko planinarsko dru\u0161tvo svetog Patrika organizira jednodnevni izlet na planinarski dom Zavi\u017ean u Nacionalnom parku Sjeverni Velebit Izlet je planiran za subotu, 4. lipnja s polaskom iz Samobora u 6.00 sati (gara\u017ea<a class=\"moretag\" href=\"https:\/\/ekosspiritus.hr\/index.php\/2016\/04\/26\/najavljujemo-jednodnevni-izlet-na-sjeverni-velebit\/\">Read More&#8230;<\/a><\/p>\n","protected":false},"author":2,"featured_media":555,"comment_status":"closed","ping_status":"open","sticky":false,"template":"","format":"standard","meta":{"footnotes":""},"categories":[17],"tags":[],"class_list":["post-554","post","type-post","status-publish","format-standard","has-post-thumbnail","hentry","category-izleti-najava"],"_links":{"self":[{"href":"https:\/\/ekosspiritus.hr\/index.php\/wp-json\/wp\/v2\/posts\/554","targetHints":{"allow":["GET"]}}],"collection":[{"href":"https:\/\/ekosspiritus.hr\/index.php\/wp-json\/wp\/v2\/posts"}],"about":[{"href":"https:\/\/ekosspiritus.hr\/index.php\/wp-json\/wp\/v2\/types\/post"}],"author":[{"embeddable":true,"href":"https:\/\/ekosspiritus.hr\/index.php\/wp-json\/wp\/v2\/users\/2"}],"replies":[{"embeddable":true,"href":"https:\/\/ekosspiritus.hr\/index.php\/wp-json\/wp\/v2\/comments?post=554"}],"version-history":[{"count":1,"href":"https:\/\/ekosspiritus.hr\/index.php\/wp-json\/wp\/v2\/posts\/554\/revisions"}],"predecessor-version":[{"id":556,"href":"https:\/\/ekosspiritus.hr\/index.php\/wp-json\/wp\/v2\/posts\/554\/revisions\/556"}],"wp:featuredmedia":[{"embeddable":true,"href":"https:\/\/ekosspiritus.hr\/index.php\/wp-json\/wp\/v2\/media\/555"}],"wp:attachment":[{"href":"https:\/\/ekosspiritus.hr\/index.php\/wp-json\/wp\/v2\/media?parent=554"}],"wp:term":[{"taxonomy":"category","embeddable":true,"href":"https:\/\/ekosspiritus.hr\/index.php\/wp-json\/wp\/v2\/categories?post=554"},{"taxonomy":"post_tag","embeddable":true,"href":"https:\/\/ekosspiritus.hr\/index.php\/wp-json\/wp\/v2\/tags?post=554"}],"curies":[{"name":"wp","href":"https:\/\/api.w.org\/{rel}","templated":true}]}}