{"id":597,"date":"2016-06-15T12:47:28","date_gmt":"2016-06-15T12:47:28","guid":{"rendered":"http:\/\/ekosspiritus.hr\/?p=597"},"modified":"2016-06-15T12:47:28","modified_gmt":"2016-06-15T12:47:28","slug":"najavljujemo-ljetni-kamp-na-sjevernom-velebitu","status":"publish","type":"post","link":"https:\/\/ekosspiritus.hr\/index.php\/2016\/06\/15\/najavljujemo-ljetni-kamp-na-sjevernom-velebitu\/","title":{"rendered":"NAJAVLJUJEMO Ljetni kamp na Sjevernom Velebitu"},"content":{"rendered":"<p>Velebit nije samo veli\u010danstvena planina. Velebit je neuni\u0161tivi, vje\u010dni simbol, najve\u0107i i najljep\u0161i spomenik hrvatskog naroda. Velebit je Bog stvorio i podario ga hrvatskom narodu da se u svom \u017eivljenju i postojanju ugleda na nj i iz njega crpi snagu i pouzdanje, ljubav i vjeru u sebe, u Boga i prirodu, te u \u017eivot vje\u010dni. Amen!<\/p>\n<p>Dragi planinari, pustolovi, tra\u017eitelji planinske duhovnosti!<br \/>\nJo\u0161 jednom, ve\u0107 vi\u0161e od deset godina za redom, vas pozivamo na Ljetni kamp na Velebitu 18. \u2013 23. srpnja 2016. (ponedjeljak \u2013 subota). Na starom mjestu, u dolini Velikog Loma (1200 m\/m), u sjeni smreka, milovani suncem i vjetrom danju, a uz logorsku vatru no\u0107u, upoznavat \u0107emo sami sebe, ljude s kojima \u0107emo krenuti u ovu pustolovinu i mjesto koje odabiremo za svoj odmor.<\/p>\n<p>\u0160to mo\u017eete o\u010dekivati od planinarenja?<br \/>\nRaspored hoda i vrhunaca koje \u0107emo obi\u0107i ne mo\u017ee se na\u010diniti unaprijed zbog toga jer smo apsolutno ovisni o vremenskim uvjetima, ali svi se nalaze u Nacionalnom parku Sjeverni Velebit ili neposrednoj okolici. Vodi\u010d \u0107e svako jutro dati izvje\u0161taj kamo se taj dan ide i koliko je hod zahtjevan. Neki \u0107e dani imati du\u017ei i kra\u0107i dio planinarenja, pa \u0107e opet svatko mo\u0107i za sebe odabrati \u0161to mu odgovara.<br \/>\nVa\u017eno je naglasiti da nitko ne mo\u017ee odlaziti u planinu sam. Planinarimo kao skupina i uvijek se dr\u017eimo uputa vodi\u010da. Uz planinarenje poku\u0161at \u0107emo bolje upoznati \u017eivot i posebnosti planine Velebit.<\/p>\n<p>\u0160to mo\u017eete o\u010dekivati na gastronomskom polju?<br \/>\nDoru\u010dak svako jutro u 8:00 sati sastoji se od kuhanog \u010daja i\/ili kave, te ne\u010dega od uobi\u010dajenih sadr\u017eaja za to doba dana (salame, naresci, hrenovke, sir, marmelade, jaja, \u017eitarice i sl.).<br \/>\nRu\u010dak je predvi\u0111en u planini \u2013 svaki dan birate za u svoju naprtnja\u010du konzervu po izboru (pa\u0161teta, mesni doru\u010dak ili riba) i povr\u0107e (raj\u010dica, paprika ili luk), te kruh. Preporu\u010damo ponijeti male vre\u0107ice ili posude za tu hranu.<br \/>\nVe\u010dera je kuhana i servira se nakon povratka u kamp iz planinarenja. Ako \u0107ete se nakon ve\u010dere \u017eeljeti okrijepiti pivom ona \u0107e se mo\u0107i kupiti u kampu po nabavnoj cijeni (nije uklju\u010deno u cijenu).<\/p>\n<p>\u0160to mo\u017eete o\u010dekivati od duhovnih sadr\u017eaja?<br \/>\nSvako jutro, prije doru\u010dka, dan zapo\u010dinjemo zajedni\u010dkom molitvom.<br \/>\nPod vodstvom prisutnih vjerou\u010ditelja bit \u0107e kra\u0107i duhovni sadr\u017eaji, a ako \u0107emo imati sve\u0107enika imat \u0107emo i euharistijska slavlja.<br \/>\nNagla\u0161avamo da se u sve te aktivnosti uklju\u010dujete prema vlastitim \u017eeljama, te one nisu obavezne.<\/p>\n<p>\u0160to treba ponijeti?<br \/>\n\u0161ator (prikladan za kampiranje u planini \u2013 cjelogodi\u0161nji, tj. za sva godi\u0161nja doba) &#8211; navedite ako mo\u017eete koga primiti na no\u0107enje. Dru\u0161tvo posjeduje nekoliko \u0161atora za iznajmljivanje \u2013 ako ste zainteresirani, obavezno navesti u prijavi.<br \/>\nvre\u0107u za spavanje, podmeta\u010d, deku<br \/>\n\u010dvrste tenisice\/gojzerice za hod<br \/>\nrezervnu odje\u0107u, pribor za osobnu higijenu<br \/>\nmanji ruksak i boce za vodu za svakodnevno planinarenje<br \/>\nza\u0161titu od sunca, ali i ki\u0161nu kabanicu za slu\u010daj ki\u0161e<br \/>\nbaterijsku lampu s rezervnim baterijama<br \/>\nosobne dokumente<\/p>\n<p>\u0160to vas ne smije iznenaditi?<br \/>\nZa sudjelovanje na kampu morate biti \u010dlanovi HPDa Sv. Patrika ili nekog drugog planinarskog dru\u0161tva.<br \/>\nVelebit je planina na kojoj mo\u017eete preko dana o\u010dekivati sunce i visoke temperature, a zatim i vrlo hladne no\u0107i. Odje\u0107a za dan neka bude lagana i prozra\u010dna i neka uklju\u010duje za\u0161titu od sunca (kapu, maramu, kremu za sun\u010danje). Za no\u0107 morate imati toplu jaknu, duge hla\u010de, toplu vre\u0107u za spavanje i podmeta\u010d, deku. No\u0107enje u \u0161atorima na planini uvijek uklju\u010duje jutarnju rosu pa je va\u017eno imati za\u0161titu od te hladno\u0107e u zoru. Ako do\u0111e do ki\u0161ovitog vremena morate imati za\u0161titu od ki\u0161e &#8211; ki\u0161nu kabanicu.<br \/>\nVe\u0107ina \u017eivotinja obi\u010dno bje\u017ei od ljudi \u2013 osim insekata. Oni nas vjerno prate. Mo\u017eete ponijeti za\u0161titu od uboda ili kremu protiv crvenila i otoka \u2013 posebno ako ste alergi\u010dni.<br \/>\nObavezno morate ponijeti baterijsku lampu. U kampu nema struje, a \u010desto niti signala za mobitel.<br \/>\nU kampu se nalazi zdenac s vodom koja nije pitka \u2013 slu\u017ei za osnovnu osobnu higijenu \u2013 pranje zubi i umivanje. Tu\u0161eva nema, a wc je poljski.<br \/>\nPitku vodu \u0107emo dovesti s izvora \u2013 morate imati svoje boce u kojima \u0107ete je nositi na planinarenje.<\/p>\n<p>Kako do\u0107i na Velebit?<br \/>\nDolazimo osobnim automobilima, pa prilikom prijave treba napomenuti odakle putujete, te imate li auto ili tra\u017eite prijevoz. Mjesta polaska se dogovaraju nakon zavr\u0161enih prijava, a tro\u0161kove puta dijele putnici u svakom autu i dogovaraju direktno s voza\u010dem. Svi sudionici se prvi puta susre\u0107u u Krasnom i zajedno putuju makadamskom cestom do mjesta kampiranja.<\/p>\n<p>Koje su va\u0161e obaveze?<br \/>\nNajva\u017enije i prije svega \u2013 slu\u0161ati upute voditelja kampa i vodi\u010da (Radovan Libri\u0107). Svatko \u0107e dolaskom na kamp potpisati obrazac da sudjeluje na vlastitu odgovornost, ali kako brinemo za va\u0161u sigurnost i zadovoljstvo svi se moramo prilagoditi su\u017eivotu u grupi.<br \/>\nKako boravimo na podru\u010dju nacionalnog parka va\u017eno se dr\u017eati i uputa te ustanove (nabrojane su na ulaznici koju \u0107ete dobiti prvi dan). Povremeno nas obilaze rangeri koji tako\u0111er mogu sugerirati na \u0161to bi bilo dobro obratiti pa\u017enju.<br \/>\nAko netko boluje od kroni\u010dnih bolesti ili alergija neka na to upozori voditelja kampa da bi u slu\u010daju potrebe mogli adekvatno regirati.<br \/>\nZamolit \u0107emo vas da jedan dan pomognete u kuhanju i serviranju hrane, te skupljanju drva za ognji\u0161te \u2013 raspored radnih grupa dobit \u0107ete dolaskom na kamp.<br \/>\nI naravno, nemojte se bojati pitati, nemojte se zaboraviti zabavljati, poma\u017eite jedni drugima i u\u010dite od planine \u2013 sve najvrednije stvari na svijetu su obi\u010dno besplatne.<\/p>\n<p>INFO<br \/>\nU osnovnu cijenu kampa je uklju\u010den cjelodnevni boravak na podru\u010dju nacionalnog parka (ulaznice) od ponedjeljka do subote, tri obroka svaki dan (od \u010dega najmanje jedan kuhani \u2013 topli obrok), iskusni vodi\u010d po planini i svi tro\u0161kovi organizacije.<\/p>\n<p>Za sve dodatne informacije i pitanja javite se:<br \/>\nMartini Razum Arapovi\u0107 martina.razum18@gmail.com \u00a0ili 095\/1977787<\/p>\n<p>Posljednji rok za prijave je 8. srpanj, ali ako \u017eelite sigurno rezervirati svoje mjesto, javite se \u010dim prije.<br \/>\nRadosno vas o\u010dekujemo!<\/p>\n","protected":false},"excerpt":{"rendered":"<p>Velebit nije samo veli\u010danstvena planina. Velebit je neuni\u0161tivi, vje\u010dni simbol, najve\u0107i i najljep\u0161i spomenik hrvatskog naroda. Velebit je Bog stvorio i podario ga hrvatskom narodu da se u svom \u017eivljenju i postojanju<a class=\"moretag\" href=\"https:\/\/ekosspiritus.hr\/index.php\/2016\/06\/15\/najavljujemo-ljetni-kamp-na-sjevernom-velebitu\/\">Read More&#8230;<\/a><\/p>\n","protected":false},"author":2,"featured_media":598,"comment_status":"closed","ping_status":"open","sticky":false,"template":"","format":"standard","meta":{"footnotes":""},"categories":[15],"tags":[],"class_list":["post-597","post","type-post","status-publish","format-standard","has-post-thumbnail","hentry","category-lkamp-najava"],"_links":{"self":[{"href":"https:\/\/ekosspiritus.hr\/index.php\/wp-json\/wp\/v2\/posts\/597","targetHints":{"allow":["GET"]}}],"collection":[{"href":"https:\/\/ekosspiritus.hr\/index.php\/wp-json\/wp\/v2\/posts"}],"about":[{"href":"https:\/\/ekosspiritus.hr\/index.php\/wp-json\/wp\/v2\/types\/post"}],"author":[{"embeddable":true,"href":"https:\/\/ekosspiritus.hr\/index.php\/wp-json\/wp\/v2\/users\/2"}],"replies":[{"embeddable":true,"href":"https:\/\/ekosspiritus.hr\/index.php\/wp-json\/wp\/v2\/comments?post=597"}],"version-history":[{"count":1,"href":"https:\/\/ekosspiritus.hr\/index.php\/wp-json\/wp\/v2\/posts\/597\/revisions"}],"predecessor-version":[{"id":599,"href":"https:\/\/ekosspiritus.hr\/index.php\/wp-json\/wp\/v2\/posts\/597\/revisions\/599"}],"wp:featuredmedia":[{"embeddable":true,"href":"https:\/\/ekosspiritus.hr\/index.php\/wp-json\/wp\/v2\/media\/598"}],"wp:attachment":[{"href":"https:\/\/ekosspiritus.hr\/index.php\/wp-json\/wp\/v2\/media?parent=597"}],"wp:term":[{"taxonomy":"category","embeddable":true,"href":"https:\/\/ekosspiritus.hr\/index.php\/wp-json\/wp\/v2\/categories?post=597"},{"taxonomy":"post_tag","embeddable":true,"href":"https:\/\/ekosspiritus.hr\/index.php\/wp-json\/wp\/v2\/tags?post=597"}],"curies":[{"name":"wp","href":"https:\/\/api.w.org\/{rel}","templated":true}]}}