{"id":600,"date":"2016-06-15T12:56:13","date_gmt":"2016-06-15T12:56:13","guid":{"rendered":"http:\/\/ekosspiritus.hr\/?p=600"},"modified":"2016-06-15T12:56:13","modified_gmt":"2016-06-15T12:56:13","slug":"najavljujemo-planinarski-kamp-za-djecu-2","status":"publish","type":"post","link":"https:\/\/ekosspiritus.hr\/index.php\/2016\/06\/15\/najavljujemo-planinarski-kamp-za-djecu-2\/","title":{"rendered":"NAJAVLJUJEMO Planinarski kamp za djecu"},"content":{"rendered":"<p>Trodnevni planinarski kamp za djecu na Cerini<br \/>\nObiteljska zajednica udruge Ekosspiritus ove godine 1. 2. i 3. srpnja 2016. (petak \u2013 nedjelja) organizira planinarski kamp za djecu u Samoborskom gorju, na Cerini.<br \/>\nCilj je ovog kampa u\u010diti najmla\u0111i nara\u0161taj onih koji dolaze na susrete udruge osnovnim planinarskim vje\u0161tinama, boravku u prirodi, no\u0107enju u \u0161atorima, zajedni\u0161tvu u planini.<br \/>\nKamp je predvi\u0111en za osnovno\u0161kolsku djecu, a animatori \u0107e biti roditelji Obiteljske zajednice, te mladi koji se okupljaju u udruzi Ekosspiritus.<br \/>\nPlanirajte svojoj djeci ovaj susret na Cerini. Prijave primamo odmah. Prijave primamo odmah, a najkasnije do 18. lipnja. Tada \u0107emo vas obavijestiti o na\u010dinu uplate kotizacije. Kod prijave nazna\u010dite dob djeteta i jeste li i vi kao roditelj u mogu\u0107nosti sudjelovati i biti animator na ovom kampu. Javite se na kontakte: Ante (antun.buric@gmail.com ) i Radovan ( radovan.libric@zg.t-com.hr)<\/p>\n","protected":false},"excerpt":{"rendered":"<p>Trodnevni planinarski kamp za djecu na Cerini Obiteljska zajednica udruge Ekosspiritus ove godine 1. 2. i 3. srpnja 2016. (petak \u2013 nedjelja) organizira planinarski kamp za djecu u Samoborskom gorju, na Cerini.<a class=\"moretag\" href=\"https:\/\/ekosspiritus.hr\/index.php\/2016\/06\/15\/najavljujemo-planinarski-kamp-za-djecu-2\/\">Read More&#8230;<\/a><\/p>\n","protected":false},"author":2,"featured_media":578,"comment_status":"closed","ping_status":"open","sticky":false,"template":"","format":"standard","meta":{"footnotes":""},"categories":[22],"tags":[],"class_list":["post-600","post","type-post","status-publish","format-standard","has-post-thumbnail","hentry","category-cerina-najava"],"_links":{"self":[{"href":"https:\/\/ekosspiritus.hr\/index.php\/wp-json\/wp\/v2\/posts\/600","targetHints":{"allow":["GET"]}}],"collection":[{"href":"https:\/\/ekosspiritus.hr\/index.php\/wp-json\/wp\/v2\/posts"}],"about":[{"href":"https:\/\/ekosspiritus.hr\/index.php\/wp-json\/wp\/v2\/types\/post"}],"author":[{"embeddable":true,"href":"https:\/\/ekosspiritus.hr\/index.php\/wp-json\/wp\/v2\/users\/2"}],"replies":[{"embeddable":true,"href":"https:\/\/ekosspiritus.hr\/index.php\/wp-json\/wp\/v2\/comments?post=600"}],"version-history":[{"count":1,"href":"https:\/\/ekosspiritus.hr\/index.php\/wp-json\/wp\/v2\/posts\/600\/revisions"}],"predecessor-version":[{"id":601,"href":"https:\/\/ekosspiritus.hr\/index.php\/wp-json\/wp\/v2\/posts\/600\/revisions\/601"}],"wp:featuredmedia":[{"embeddable":true,"href":"https:\/\/ekosspiritus.hr\/index.php\/wp-json\/wp\/v2\/media\/578"}],"wp:attachment":[{"href":"https:\/\/ekosspiritus.hr\/index.php\/wp-json\/wp\/v2\/media?parent=600"}],"wp:term":[{"taxonomy":"category","embeddable":true,"href":"https:\/\/ekosspiritus.hr\/index.php\/wp-json\/wp\/v2\/categories?post=600"},{"taxonomy":"post_tag","embeddable":true,"href":"https:\/\/ekosspiritus.hr\/index.php\/wp-json\/wp\/v2\/tags?post=600"}],"curies":[{"name":"wp","href":"https:\/\/api.w.org\/{rel}","templated":true}]}}