{"id":643,"date":"2016-08-24T11:14:52","date_gmt":"2016-08-24T11:14:52","guid":{"rendered":"http:\/\/ekosspiritus.hr\/?p=643"},"modified":"2016-08-24T11:14:52","modified_gmt":"2016-08-24T11:14:52","slug":"najavljujemo-izlet-na-dinaru","status":"publish","type":"post","link":"https:\/\/ekosspiritus.hr\/index.php\/2016\/08\/24\/najavljujemo-izlet-na-dinaru\/","title":{"rendered":"NAJAVLJUJEMO: Izlet na Dinaru"},"content":{"rendered":"<p>Idemo na vrh Hrvatske!<br \/>\nPrvog vikenda u rujnu (03. i 04. 09. 2016.) HPD sv. Patrik organizira izlet na Dinaru i najvi\u0161i vrh Hrvatske Sinjal 1831 m n\/v.<br \/>\nPolazak je predvi\u0111en u subotu u 7:00 h iz Zagreba. Idemo osobnim automobilima (molimo kod prijave navesti imate li osobni automobil s kojim mo\u017eete na put od 700 km). Tro\u0161kove prijevoza dijelimo. U slu\u010daju dovoljnog broja prijavljenih i\u0107i \u0107emo autobusom.<br \/>\nPotrebna oprema:<br \/>\n&gt; osobni dokumenti, planinarska iskaznica, nov\u010danik<br \/>\n&gt; opremu za no\u0107enje u pl. ku\u0107i Brezovac &#8211; vre\u0107a za spavanje<br \/>\n&gt; pribor za osobnu higijenu<br \/>\n&gt; za\u0161titu od sunca (krema, kapa, nao\u010dale) i\/ili ki\u0161e (dobra planinarska kabanica)<br \/>\n&gt; voda za osobnu dnevnu potrebu (preporuka min 2 l po danu)<br \/>\n&gt; hrana<br \/>\n&gt; \u010dvrste planinarske gojzerice<br \/>\n&gt; rezervnu odje\u0107u<br \/>\n&gt; planinarski \u0161tapovi<br \/>\n&gt; baterijsku lampu<br \/>\n&gt; fotoaparat<br \/>\n&gt; maramice, vla\u017ene maramice, wc papir<br \/>\n&gt; papu\u010de za pl. dom<br \/>\n&gt; kupa\u0107e ga\u0107e\/kostim i ru\u010dnik za pla\u017eu (u nedjelju \u0107emo se, ako bude vremena i mogu\u0107nosti osvje\u017eiti na Krki ili Cetini)<br \/>\nTro\u0161kovi: no\u0107enje u pl. ku\u0107i Brezovac, prijevoz (cestarina + gorivo = cca 600 kn po autu)<br \/>\nKontakt (prijave i informacije): Tomislav Martinelli, 0913736050 ili tomislav.martinelli@udruga-marjan.hr<br \/>\nNapomena: Svu opremu nosimo sa sobom. Pl.ku\u0107a Brezovac nema ponudu hrane te istu moramo nositi sobom. Dogovoriti \u0107emo se da si zajedni\u010dki skuhamo juhu, a u nedjelju uz put odemo negdje na ru\u010dak.<\/p>\n","protected":false},"excerpt":{"rendered":"<p>Idemo na vrh Hrvatske! Prvog vikenda u rujnu (03. i 04. 09. 2016.) HPD sv. Patrik organizira izlet na Dinaru i najvi\u0161i vrh Hrvatske Sinjal 1831 m n\/v. Polazak je predvi\u0111en u<a class=\"moretag\" href=\"https:\/\/ekosspiritus.hr\/index.php\/2016\/08\/24\/najavljujemo-izlet-na-dinaru\/\">Read More&#8230;<\/a><\/p>\n","protected":false},"author":2,"featured_media":644,"comment_status":"closed","ping_status":"open","sticky":false,"template":"","format":"standard","meta":{"footnotes":""},"categories":[17],"tags":[],"class_list":["post-643","post","type-post","status-publish","format-standard","has-post-thumbnail","hentry","category-izleti-najava"],"_links":{"self":[{"href":"https:\/\/ekosspiritus.hr\/index.php\/wp-json\/wp\/v2\/posts\/643","targetHints":{"allow":["GET"]}}],"collection":[{"href":"https:\/\/ekosspiritus.hr\/index.php\/wp-json\/wp\/v2\/posts"}],"about":[{"href":"https:\/\/ekosspiritus.hr\/index.php\/wp-json\/wp\/v2\/types\/post"}],"author":[{"embeddable":true,"href":"https:\/\/ekosspiritus.hr\/index.php\/wp-json\/wp\/v2\/users\/2"}],"replies":[{"embeddable":true,"href":"https:\/\/ekosspiritus.hr\/index.php\/wp-json\/wp\/v2\/comments?post=643"}],"version-history":[{"count":1,"href":"https:\/\/ekosspiritus.hr\/index.php\/wp-json\/wp\/v2\/posts\/643\/revisions"}],"predecessor-version":[{"id":645,"href":"https:\/\/ekosspiritus.hr\/index.php\/wp-json\/wp\/v2\/posts\/643\/revisions\/645"}],"wp:featuredmedia":[{"embeddable":true,"href":"https:\/\/ekosspiritus.hr\/index.php\/wp-json\/wp\/v2\/media\/644"}],"wp:attachment":[{"href":"https:\/\/ekosspiritus.hr\/index.php\/wp-json\/wp\/v2\/media?parent=643"}],"wp:term":[{"taxonomy":"category","embeddable":true,"href":"https:\/\/ekosspiritus.hr\/index.php\/wp-json\/wp\/v2\/categories?post=643"},{"taxonomy":"post_tag","embeddable":true,"href":"https:\/\/ekosspiritus.hr\/index.php\/wp-json\/wp\/v2\/tags?post=643"}],"curies":[{"name":"wp","href":"https:\/\/api.w.org\/{rel}","templated":true}]}}