{"id":652,"date":"2016-08-30T11:21:34","date_gmt":"2016-08-30T11:21:34","guid":{"rendered":"http:\/\/ekosspiritus.hr\/?p=652"},"modified":"2016-08-30T11:21:34","modified_gmt":"2016-08-30T11:21:34","slug":"godisnjica-otvaranja-planinarskog-doma-cerinski-vir","status":"publish","type":"post","link":"https:\/\/ekosspiritus.hr\/index.php\/2016\/08\/30\/godisnjica-otvaranja-planinarskog-doma-cerinski-vir\/","title":{"rendered":"Godi\u0161njica otvaranja Planinarskog doma &#8220;Cerinski vir&#8221;"},"content":{"rendered":"<p>U nedjelju, 4. rujna 2016. obilje\u017eit \u0107emo prvu godi\u0161njicu otvaranja i blagoslova planinarskog doma &#8220;Cerinski vir&#8221; na Cerini. Sve vas pozivamo! Dobro do\u0161li su svi \u010dlanovi i prijatelji svih sekcija udruge Ekosspiritus.<br \/>\nSveta misa je u 18:00 sati, a iza mise biti \u0107e zajedni\u010dka ve\u010dera. Planiramo skuhati planinarski gula\u0161 sv. Patrika.<br \/>\nMolimo vas, donesite kola\u010d i time obogatite na\u0161 zajedni\u010dki stol.<br \/>\nRadi organizacije ve\u010dere mo\u017eete najaviti svoj dolazak kod Radovana:\u00a0radovan.libric@zg.t-com.hr<\/p>\n","protected":false},"excerpt":{"rendered":"<p>U nedjelju, 4. rujna 2016. obilje\u017eit \u0107emo prvu godi\u0161njicu otvaranja i blagoslova planinarskog doma &#8220;Cerinski vir&#8221; na Cerini. Sve vas pozivamo! Dobro do\u0161li su svi \u010dlanovi i prijatelji svih sekcija udruge Ekosspiritus.<a class=\"moretag\" href=\"https:\/\/ekosspiritus.hr\/index.php\/2016\/08\/30\/godisnjica-otvaranja-planinarskog-doma-cerinski-vir\/\">Read More&#8230;<\/a><\/p>\n","protected":false},"author":2,"featured_media":653,"comment_status":"closed","ping_status":"open","sticky":false,"template":"","format":"standard","meta":{"footnotes":""},"categories":[22],"tags":[],"class_list":["post-652","post","type-post","status-publish","format-standard","has-post-thumbnail","hentry","category-cerina-najava"],"_links":{"self":[{"href":"https:\/\/ekosspiritus.hr\/index.php\/wp-json\/wp\/v2\/posts\/652","targetHints":{"allow":["GET"]}}],"collection":[{"href":"https:\/\/ekosspiritus.hr\/index.php\/wp-json\/wp\/v2\/posts"}],"about":[{"href":"https:\/\/ekosspiritus.hr\/index.php\/wp-json\/wp\/v2\/types\/post"}],"author":[{"embeddable":true,"href":"https:\/\/ekosspiritus.hr\/index.php\/wp-json\/wp\/v2\/users\/2"}],"replies":[{"embeddable":true,"href":"https:\/\/ekosspiritus.hr\/index.php\/wp-json\/wp\/v2\/comments?post=652"}],"version-history":[{"count":1,"href":"https:\/\/ekosspiritus.hr\/index.php\/wp-json\/wp\/v2\/posts\/652\/revisions"}],"predecessor-version":[{"id":654,"href":"https:\/\/ekosspiritus.hr\/index.php\/wp-json\/wp\/v2\/posts\/652\/revisions\/654"}],"wp:featuredmedia":[{"embeddable":true,"href":"https:\/\/ekosspiritus.hr\/index.php\/wp-json\/wp\/v2\/media\/653"}],"wp:attachment":[{"href":"https:\/\/ekosspiritus.hr\/index.php\/wp-json\/wp\/v2\/media?parent=652"}],"wp:term":[{"taxonomy":"category","embeddable":true,"href":"https:\/\/ekosspiritus.hr\/index.php\/wp-json\/wp\/v2\/categories?post=652"},{"taxonomy":"post_tag","embeddable":true,"href":"https:\/\/ekosspiritus.hr\/index.php\/wp-json\/wp\/v2\/tags?post=652"}],"curies":[{"name":"wp","href":"https:\/\/api.w.org\/{rel}","templated":true}]}}