{"id":656,"date":"2016-09-05T18:32:28","date_gmt":"2016-09-05T18:32:28","guid":{"rendered":"http:\/\/ekosspiritus.hr\/?p=656"},"modified":"2016-09-05T18:32:28","modified_gmt":"2016-09-05T18:32:28","slug":"prva-obljetnica-otvaranja-planinarskog-doma-cerinski-vir","status":"publish","type":"post","link":"https:\/\/ekosspiritus.hr\/index.php\/2016\/09\/05\/prva-obljetnica-otvaranja-planinarskog-doma-cerinski-vir\/","title":{"rendered":"Prva obljetnica otvaranja planinarskog doma &#8220;Cerinski vir&#8221;"},"content":{"rendered":"<p>Hrvatsko planinarsko dru\u0161tvo svetog Patrika i udruga Ekosspiritus obilje\u017eili su prvu godi\u0161njicu od otvaranja planinarskog doma na Cerini. Mala proslava odr\u017eala se u nedjelju 4. rujna 2016., a slavlje je zapo\u010delo u kasnim popodnevnim satima svetom misom koju je predvodio vl\u010d. Milan Ker\u0161, \u017eupnik iz Zrinskog Topolovca, dugogodi\u0161nji prijatelj zajednice Ekosspiritus. U svojoj propovjedi pribli\u017eio je vl\u010d. Milan \u017eivot Majke Terezije, svetice Katoli\u010dke Crkve koja je upravo tog dana kanonizirana u Vatikanu. U molitvi vjernih svi prisutni zahvalili su Bogu za sva dobro\u010dinstva kojima ih je obasipao u protekloj godini.<br \/>\nZa tjelesnu okrjepu pobrinuli su se Silvija i Ante Bla\u017eevi\u0107, spremiv\u0161i jako ukusan gula\u0161 za sve prisutne. Irena je napravila izvrsne \u0161trudle od sira i jabuka, a Vlado i Radovan bili dobri doma\u0107ini za sve prisutne. \u010cetrdesetak je \u010dlanova, prijatelja i susjeda te planinara tako nastavilo svoje zajedni\u0161tvo za velikim obiteljskim stolom zajednice. Ukusni su bili i raznovrsni kola\u010di koji su na zajedni\u010dki stol prinijeli sami posjetitelji ove proslave na Cerini.<br \/>\nProtekla godina u najmla\u0111em planinarskom domu u Samoborskom gorju bila je jako dinami\u010dna i protkana susretima razli\u010ditih vrsta. Svima je to velika radost jer brojne aktivnosti zajednice dokaz su da se trud graditelja isplatio. Po\u017eelimo planinarskom domu jo\u0161 niz lijepih obljetnica<\/p>\n","protected":false},"excerpt":{"rendered":"<p>Hrvatsko planinarsko dru\u0161tvo svetog Patrika i udruga Ekosspiritus obilje\u017eili su prvu godi\u0161njicu od otvaranja planinarskog doma na Cerini. Mala proslava odr\u017eala se u nedjelju 4. rujna 2016., a slavlje je zapo\u010delo u<a class=\"moretag\" href=\"https:\/\/ekosspiritus.hr\/index.php\/2016\/09\/05\/prva-obljetnica-otvaranja-planinarskog-doma-cerinski-vir\/\">Read More&#8230;<\/a><\/p>\n","protected":false},"author":2,"featured_media":657,"comment_status":"closed","ping_status":"open","sticky":false,"template":"","format":"standard","meta":{"footnotes":""},"categories":[23],"tags":[],"class_list":["post-656","post","type-post","status-publish","format-standard","has-post-thumbnail","hentry","category-cerina-clanak"],"_links":{"self":[{"href":"https:\/\/ekosspiritus.hr\/index.php\/wp-json\/wp\/v2\/posts\/656","targetHints":{"allow":["GET"]}}],"collection":[{"href":"https:\/\/ekosspiritus.hr\/index.php\/wp-json\/wp\/v2\/posts"}],"about":[{"href":"https:\/\/ekosspiritus.hr\/index.php\/wp-json\/wp\/v2\/types\/post"}],"author":[{"embeddable":true,"href":"https:\/\/ekosspiritus.hr\/index.php\/wp-json\/wp\/v2\/users\/2"}],"replies":[{"embeddable":true,"href":"https:\/\/ekosspiritus.hr\/index.php\/wp-json\/wp\/v2\/comments?post=656"}],"version-history":[{"count":1,"href":"https:\/\/ekosspiritus.hr\/index.php\/wp-json\/wp\/v2\/posts\/656\/revisions"}],"predecessor-version":[{"id":658,"href":"https:\/\/ekosspiritus.hr\/index.php\/wp-json\/wp\/v2\/posts\/656\/revisions\/658"}],"wp:featuredmedia":[{"embeddable":true,"href":"https:\/\/ekosspiritus.hr\/index.php\/wp-json\/wp\/v2\/media\/657"}],"wp:attachment":[{"href":"https:\/\/ekosspiritus.hr\/index.php\/wp-json\/wp\/v2\/media?parent=656"}],"wp:term":[{"taxonomy":"category","embeddable":true,"href":"https:\/\/ekosspiritus.hr\/index.php\/wp-json\/wp\/v2\/categories?post=656"},{"taxonomy":"post_tag","embeddable":true,"href":"https:\/\/ekosspiritus.hr\/index.php\/wp-json\/wp\/v2\/tags?post=656"}],"curies":[{"name":"wp","href":"https:\/\/api.w.org\/{rel}","templated":true}]}}