{"id":659,"date":"2016-09-05T18:37:14","date_gmt":"2016-09-05T18:37:14","guid":{"rendered":"http:\/\/ekosspiritus.hr\/?p=659"},"modified":"2016-09-05T18:37:14","modified_gmt":"2016-09-05T18:37:14","slug":"hpd-sv-patrik-na-vrhu-hrvatske","status":"publish","type":"post","link":"https:\/\/ekosspiritus.hr\/index.php\/2016\/09\/05\/hpd-sv-patrik-na-vrhu-hrvatske\/","title":{"rendered":"HPD &#8220;Sv. Patrik&#8221; na vrhu Hrvatske"},"content":{"rendered":"<p>1831.<br \/>\nZna\u010de li vam ne\u0161to ti brojevi?<br \/>\nSinjal. Mo\u017eda vam vi\u0161e govori ovo ime?<br \/>\nUzdi\u017ee se iznad Knina, u njenom podno\u017eju izvire Krka. Najvi\u0161a je u Hrvatskoj.<br \/>\nDinara. Planina na kojoj smo proveli vikend. Dvadeset \u010dlanova i prijatelja HPD sv. Patrika.<br \/>\nNekima je to bilo prvo planinarenje nakon puno godina, nekima je to bilo prvo planinarenje &#8211; ikada. Izabrati Dinaru za svoj prvi planinarski izlet je zaista hrabro. Ali pokazalo se da je to bio dobar izbor.<br \/>\nKako se vikend ne bi sveo samo na planinarenje i spavanje u domu, mi smo ga za\u010dinili spavanjem u vagonima na ran\u017eirnom kolodvoru u Kninu. Iskustvo za pam\u0107enje, uvid u \u017eivot radnika na \u017eeljeznici. Miris pruge i vagona koji su cijelo ljeto izlo\u017eeni poznatim kninskim vru\u0107inama neke je podsjetio na djetinjstvo, druge pak stalni stanari vagona-komarci, potjerali na spavanje u auto. Tre\u0107i su spavali u \u0161efovskom vagonu na novom madracu, ali uglavnom u subotu u jutro svi su bili spremni na osvajanje Dinare.<br \/>\nOlakotna okolnost je svakako bila ta \u0161to nam je domar Perica olak\u0161ao naprtnja\u010de i stvari prevezao do doma. Mi smo se autima prevezli komad puta makadamskom cestom i parkirali na Suvom polju, odakle je ve\u0107ina s ne\u0161to straha u o\u010dima promatrala tu ljepoticu koja se uzdizala iznad nas &#8211; plavi\u010dastu Dinaru koja se \u010dinila dalekom i neosvojivom.<br \/>\nPut do samog doma Brezovac u kojem smo no\u0107ili je jednostavan makadam blagog nagiba koji nam je svakim zavojem otkrio novi vidik. Bilo je na njemu i raspadnutih gojzerica (tako je to kad stoje godinama u ormaru &#8211; vole se raspasti prilikom prvog planinarenja), intervencija za popravak istih, fotografiranja i razgovora. U laganom ritmu do\u0161li smo do doma gdje smo ru\u010dali, kratko odmorili i krenuli put vrha.<br \/>\nUz sve ve\u0107e nagibe sve se \u010de\u0161\u0107e \u010dulo \u201ezapomaganje\u201c po\u010detnika, uzdisanje, \u017eelje za pauzom. Ali vrh je bio sve bli\u017ee i \u010dak i ako je netko namjeravao odustati ipak je potaknut nagovorima dru\u0161tva stisnuo zube i nastavio dalje. Vrh nas je do\u010dekao kao velika klupa za odmor, svatko je na\u0161ao svoje mjesto za le\u0107i, sjesti, odmoriti, fotografirati, \u2026 Zajedni\u010dke slike, Troglavske slike, selfiji, sebesliki, seba\u010di i svojki\u0107i, \u2026 Peru\u010da, Vrlika, Svilaja, Knin, Troglav, Jadran, Lika, Velebit, Prokljan, Bosna\u2026 ma te\u0161ko je nabrojati \u0161to je oko sve vidjelo jer do\u010dekao nas je prekrasan pogled. Prekrasan dan kasnog ljeta\u2026<br \/>\nNa povratku je svatko na\u0161ao svoj ritam, svog partnera za hod i u smiraj dana vratili smo se u dom.<br \/>\nVe\u010dera (skuhana jo\u0161 u Zagrebu) u toploj blagavaoni (i posljedice uspona na vrh) neke je nagnala na direktan odlazak na spavanje, dok je ve\u0107ina s doma\u0107inima i ostalim gostima sjedila ispod milijuna sjajnih i velikih zvijezda i prebirala uz tamburicu i gitaru po hitovima raznih generacija. Bilo je i onih koji su upravo zbog zvijezda odlu\u010dili prespavati pod vedrim nebom.<br \/>\nU jutro su ranoranioci \u017eeljni dodatnih visinskih metara u nogama krenuli put Badnja, dok je ostatak ekipe spremio dom, spakirao stvari i krenuo na povratak.<br \/>\nDoma\u0107ini su nas ispratili osmjehom, zahvalni na pjesmi, zabavi i primjerom kako bi se svi planinari trebali pona\u0161ati, a mi smo polako razgibavaju\u0107i bolne mi\u0161i\u0107e i zglobove gazili makadam u suprotnom smjeru, prepri\u010davaju\u0107i jedni drugima do\u017eivljaje i osje\u0107aje nastale prethodnog dana.<br \/>\nAutima smo se zatim spustili do izvora rijeke Krke, napili se hladne, bistre vode, ohladili vru\u0107a stopala i napete mi\u0161i\u0107e pa oti\u0161li na zaslu\u017eeni ru\u010dak. A nakon ru\u010dka kao kruna svega, posjet sveti\u0161tu na Udbini gdje nas je fra Josip do\u010dekao spreman odr\u017eati sv. Misu samo za nas 20. Milost je i\u0161la i dalje od toga jer nam je nakon mise pokazao sveti\u0161te, pri\u010dao o njegovom nastanku, o bolnoj i te\u0161koj povijesti kraja, o \u017eelji da se na jednom mjestu pove\u017eu sve rane na\u0161e Domovine.<br \/>\nZahvalni fra Josipu na tako divnom susretu (a saznali smo i da je sudjelovao na PKP-u na\u0161e udruge u Slunju), uputili smo se svojim domovima, vjerujem duhovno i psihi\u010dki i te kako osna\u017eeni za nadolaze\u0107e tjedne.<\/p>\n<p>Valja napomenuti-bio je s nama i pas. Lina &#8211; pokazala se kao odli\u010dna planinarka, veselo je tr\u010dkarala oko nas, nju\u0161kala zrak, valjala se u blatu\u2026 I ona je osvojila Dinaru i zaslu\u017eila redak &#8211; dva u ovome tekstu.<br \/>\nSavr\u0161en izlet! Vrhunska organizacija! Odli\u010dno! \u010culo se od sudionika, dok je Lina veselo mahala repom.<\/p>\n<p>Vjetar smo \u010duli, vukove nismo vidjeli, vodu smo s izvora pili &#8211; na Dinari smo bili\u2026<\/p>\n","protected":false},"excerpt":{"rendered":"<p>1831. Zna\u010de li vam ne\u0161to ti brojevi? Sinjal. Mo\u017eda vam vi\u0161e govori ovo ime? Uzdi\u017ee se iznad Knina, u njenom podno\u017eju izvire Krka. Najvi\u0161a je u Hrvatskoj. Dinara. Planina na kojoj smo<a class=\"moretag\" href=\"https:\/\/ekosspiritus.hr\/index.php\/2016\/09\/05\/hpd-sv-patrik-na-vrhu-hrvatske\/\">Read More&#8230;<\/a><\/p>\n","protected":false},"author":2,"featured_media":660,"comment_status":"closed","ping_status":"open","sticky":false,"template":"","format":"standard","meta":{"footnotes":""},"categories":[16],"tags":[],"class_list":["post-659","post","type-post","status-publish","format-standard","has-post-thumbnail","hentry","category-izleti-clanak"],"_links":{"self":[{"href":"https:\/\/ekosspiritus.hr\/index.php\/wp-json\/wp\/v2\/posts\/659","targetHints":{"allow":["GET"]}}],"collection":[{"href":"https:\/\/ekosspiritus.hr\/index.php\/wp-json\/wp\/v2\/posts"}],"about":[{"href":"https:\/\/ekosspiritus.hr\/index.php\/wp-json\/wp\/v2\/types\/post"}],"author":[{"embeddable":true,"href":"https:\/\/ekosspiritus.hr\/index.php\/wp-json\/wp\/v2\/users\/2"}],"replies":[{"embeddable":true,"href":"https:\/\/ekosspiritus.hr\/index.php\/wp-json\/wp\/v2\/comments?post=659"}],"version-history":[{"count":1,"href":"https:\/\/ekosspiritus.hr\/index.php\/wp-json\/wp\/v2\/posts\/659\/revisions"}],"predecessor-version":[{"id":661,"href":"https:\/\/ekosspiritus.hr\/index.php\/wp-json\/wp\/v2\/posts\/659\/revisions\/661"}],"wp:featuredmedia":[{"embeddable":true,"href":"https:\/\/ekosspiritus.hr\/index.php\/wp-json\/wp\/v2\/media\/660"}],"wp:attachment":[{"href":"https:\/\/ekosspiritus.hr\/index.php\/wp-json\/wp\/v2\/media?parent=659"}],"wp:term":[{"taxonomy":"category","embeddable":true,"href":"https:\/\/ekosspiritus.hr\/index.php\/wp-json\/wp\/v2\/categories?post=659"},{"taxonomy":"post_tag","embeddable":true,"href":"https:\/\/ekosspiritus.hr\/index.php\/wp-json\/wp\/v2\/tags?post=659"}],"curies":[{"name":"wp","href":"https:\/\/api.w.org\/{rel}","templated":true}]}}