{"id":665,"date":"2016-09-12T15:50:44","date_gmt":"2016-09-12T15:50:44","guid":{"rendered":"http:\/\/ekosspiritus.hr\/?p=665"},"modified":"2016-09-12T15:50:44","modified_gmt":"2016-09-12T15:50:44","slug":"dogodilo-se-hodocasce-na-svete-gore","status":"publish","type":"post","link":"https:\/\/ekosspiritus.hr\/index.php\/2016\/09\/12\/dogodilo-se-hodocasce-na-svete-gore\/","title":{"rendered":"DOGODILO SE: Hodo\u010da\u0161\u0107e na Svete Gore"},"content":{"rendered":"<p>Hodo\u010da\u0161\u0107e u Sloveniju, na Svete Gore<br \/>\nU nedjelju 11. rujna 2016., u osmini blagdana Male Gospe, \u010dlanovi i prijatelji Dru\u0161tva svetog Izidora Seljaka iz Samobora uputili su se na svoj godi\u0161nji izlet koji je ujedno bio i hodo\u010da\u0161\u0107e. Marijansko sveti\u0161te u Republici Sloveniji, na Svetim Gorama iznad Bizeljskog bio je cilj ovogodi\u0161njeg hodo\u010da\u0161\u0107a na kojem je sudjelovalo \u010detrdesetak sudionika. Naziv \u201cSvete Gore\u201d doista odgovara samoj gori i vrhuncu na kojem je sagra\u0111eno sveti\u0161te na \u010dast Majci Bo\u017ejoj, a uz crkvu nalazi se jo\u0161 \u010detiri sakralna objekta. Samoborci su u ovo sveti\u0161te stizali do Domovinskog rata u velikom broju predvo\u0111eni mons. Ivanom Horvatom, tada\u0161njim \u017eupnikom. Redovito je bilo preko tisu\u0107u hodo\u010dasnika. Sudionici ovogodi\u0161njeg putovanja sudjelovali su na sve\u010danoj misi u sveti\u0161tu, u zajedni\u0161tvu s slovenskim hodo\u010dasnicima, a srda\u010dno ih je do\u010dekao \u010duvar sveti\u0161ta, \u017eupnik Damjan Kajzar. Dio hodo\u010dasnika sudjelovao je na euharistiji obu\u010den u samoborske narodne no\u0161nje predstavljaju\u0107i bogatu tradiciju \u017eupe Samobor. Tijekom euharistije Stjepan Petek je na hrvatskom jeziku pro\u010ditao drugo \u010ditanje nedjeljne liturgije, a Radovan Libri\u0107 je izgovorio molitvu vjernih. Nakon mise slijedila je pjesma i molitva na hrvatskom jeziku, dru\u017eenje s doma\u0107inima, te zajedni\u010dki ru\u010dak \u2013 piknik na livadi ispod sveti\u0161ta. Na zajedni\u010dki stol svi hodo\u010dasnici stavili su svoje delicije pa zajedno blagovali hranu uz ugodni razgovor, pjesmu, \u0161alu i recitacije koje je izrekao Jo\u017ea Bla\u017eevi\u0107. Putovanje se nastavilo posjetom Olimju, nekad glasovitom pavlinskom, a danas samostanu franjevaca konventualaca \u010diji samostan plijeni pa\u017enju brojnih hodo\u010dasnika i izletnika. Crkva koja je posve\u0107ena majci Bo\u017ejoj ima oltare \u201ecrnoga baroka\u201c, a po\u0161to je nedavno u cijelosti obnovljena ostavila je trag \u010du\u0111enja i iznena\u0111enja me\u0111u svima koji su je prvi put posjetili. Impozantni oltar u jednoj seoskoj crkvi nije tako \u010desta pojava, a rad je pavlinskog redovnika Ivana Rangera. Oko samostana nalazi se vrt s ljekovitim biljkama, te \u010dokoladarnica s izvrsnim proizvodima. U samostanu je ure\u0111ena ljekarna, a nakon Pariza i Dubrovnika to je danas tre\u0107a sa\u010duvana ljekarna u Europi. Rijetko se kad do\u017eivi tako sadr\u017eajan izlet koji je poja\u010dao zajedni\u0161tvo svih \u010dlanova Dru\u0161tva svetog Izidora Seljaka i prijatelja koji su se pridru\u017eili ovom hodo\u010da\u0161\u0107u. Radost zajedni\u0161tva, hodo\u010da\u0161\u0107a i putovanja , nadamo se, prenijeli su svi sudionici onima s kojima su se sreli nakon ovog bogatog programa.<\/p>\n","protected":false},"excerpt":{"rendered":"<p>Hodo\u010da\u0161\u0107e u Sloveniju, na Svete Gore U nedjelju 11. rujna 2016., u osmini blagdana Male Gospe, \u010dlanovi i prijatelji Dru\u0161tva svetog Izidora Seljaka iz Samobora uputili su se na svoj godi\u0161nji izlet<a class=\"moretag\" href=\"https:\/\/ekosspiritus.hr\/index.php\/2016\/09\/12\/dogodilo-se-hodocasce-na-svete-gore\/\">Read More&#8230;<\/a><\/p>\n","protected":false},"author":2,"featured_media":666,"comment_status":"closed","ping_status":"open","sticky":false,"template":"","format":"standard","meta":{"footnotes":""},"categories":[10],"tags":[],"class_list":["post-665","post","type-post","status-publish","format-standard","has-post-thumbnail","hentry","category-lsi-clanak"],"_links":{"self":[{"href":"https:\/\/ekosspiritus.hr\/index.php\/wp-json\/wp\/v2\/posts\/665","targetHints":{"allow":["GET"]}}],"collection":[{"href":"https:\/\/ekosspiritus.hr\/index.php\/wp-json\/wp\/v2\/posts"}],"about":[{"href":"https:\/\/ekosspiritus.hr\/index.php\/wp-json\/wp\/v2\/types\/post"}],"author":[{"embeddable":true,"href":"https:\/\/ekosspiritus.hr\/index.php\/wp-json\/wp\/v2\/users\/2"}],"replies":[{"embeddable":true,"href":"https:\/\/ekosspiritus.hr\/index.php\/wp-json\/wp\/v2\/comments?post=665"}],"version-history":[{"count":1,"href":"https:\/\/ekosspiritus.hr\/index.php\/wp-json\/wp\/v2\/posts\/665\/revisions"}],"predecessor-version":[{"id":667,"href":"https:\/\/ekosspiritus.hr\/index.php\/wp-json\/wp\/v2\/posts\/665\/revisions\/667"}],"wp:featuredmedia":[{"embeddable":true,"href":"https:\/\/ekosspiritus.hr\/index.php\/wp-json\/wp\/v2\/media\/666"}],"wp:attachment":[{"href":"https:\/\/ekosspiritus.hr\/index.php\/wp-json\/wp\/v2\/media?parent=665"}],"wp:term":[{"taxonomy":"category","embeddable":true,"href":"https:\/\/ekosspiritus.hr\/index.php\/wp-json\/wp\/v2\/categories?post=665"},{"taxonomy":"post_tag","embeddable":true,"href":"https:\/\/ekosspiritus.hr\/index.php\/wp-json\/wp\/v2\/tags?post=665"}],"curies":[{"name":"wp","href":"https:\/\/api.w.org\/{rel}","templated":true}]}}