{"id":694,"date":"2016-10-02T10:24:16","date_gmt":"2016-10-02T10:24:16","guid":{"rendered":"http:\/\/ekosspiritus.hr\/?p=694"},"modified":"2016-10-02T10:24:16","modified_gmt":"2016-10-02T10:24:16","slug":"najavljujemo-radionicu-o-kikli","status":"publish","type":"post","link":"https:\/\/ekosspiritus.hr\/index.php\/2016\/10\/02\/najavljujemo-radionicu-o-kikli\/","title":{"rendered":"NAJAVLJUJEMO Radionicu o &#8216;kikli&#8217;"},"content":{"rendered":"<p>Dru\u0161tvo sv. Izidora Seljaka najavljuje:<br \/>\nNajavljujemo\u00a0radionicu o \u201ekikli\u201c, najmla\u0111em tipu narodne no\u0161nje samoborske \u017eupe.<br \/>\nNagla\u0161avamo kako jedan od vidova pastoralnih djelovanja mo\u017ee biti djelovanje na podru\u010dju tradicijske kulture. To svjedo\u010di i primjer iz \u0110akova\u010dko-osje\u010dke nadbiskupije gdje su prije desetak godina, unutar Nadbiskupijskoga povjerenstva za pastoral kulture oformili Odbor za pastoral tradicijske kulture.<br \/>\nPonosni na svoje katoli\u010dke korijene i \u010duvanje kr\u0161\u0107anskog identiteta grada Samobora, \u010dlanovi Dru\u0161tva sv. Izidora Seljaka u subotu 22. listopada 2016. organizirat \u0107e radionicu u cilju upoznavanja narodne no\u0161nje samoborskog kraja.<\/p>\n","protected":false},"excerpt":{"rendered":"<p>Dru\u0161tvo sv. Izidora Seljaka najavljuje: Najavljujemo\u00a0radionicu o \u201ekikli\u201c, najmla\u0111em tipu narodne no\u0161nje samoborske \u017eupe. Nagla\u0161avamo kako jedan od vidova pastoralnih djelovanja mo\u017ee biti djelovanje na podru\u010dju tradicijske kulture. To svjedo\u010di i primjer<a class=\"moretag\" href=\"https:\/\/ekosspiritus.hr\/index.php\/2016\/10\/02\/najavljujemo-radionicu-o-kikli\/\">Read More&#8230;<\/a><\/p>\n","protected":false},"author":2,"featured_media":695,"comment_status":"closed","ping_status":"open","sticky":false,"template":"","format":"standard","meta":{"footnotes":""},"categories":[11],"tags":[],"class_list":["post-694","post","type-post","status-publish","format-standard","has-post-thumbnail","hentry","category-lsi-najava"],"_links":{"self":[{"href":"https:\/\/ekosspiritus.hr\/index.php\/wp-json\/wp\/v2\/posts\/694","targetHints":{"allow":["GET"]}}],"collection":[{"href":"https:\/\/ekosspiritus.hr\/index.php\/wp-json\/wp\/v2\/posts"}],"about":[{"href":"https:\/\/ekosspiritus.hr\/index.php\/wp-json\/wp\/v2\/types\/post"}],"author":[{"embeddable":true,"href":"https:\/\/ekosspiritus.hr\/index.php\/wp-json\/wp\/v2\/users\/2"}],"replies":[{"embeddable":true,"href":"https:\/\/ekosspiritus.hr\/index.php\/wp-json\/wp\/v2\/comments?post=694"}],"version-history":[{"count":1,"href":"https:\/\/ekosspiritus.hr\/index.php\/wp-json\/wp\/v2\/posts\/694\/revisions"}],"predecessor-version":[{"id":696,"href":"https:\/\/ekosspiritus.hr\/index.php\/wp-json\/wp\/v2\/posts\/694\/revisions\/696"}],"wp:featuredmedia":[{"embeddable":true,"href":"https:\/\/ekosspiritus.hr\/index.php\/wp-json\/wp\/v2\/media\/695"}],"wp:attachment":[{"href":"https:\/\/ekosspiritus.hr\/index.php\/wp-json\/wp\/v2\/media?parent=694"}],"wp:term":[{"taxonomy":"category","embeddable":true,"href":"https:\/\/ekosspiritus.hr\/index.php\/wp-json\/wp\/v2\/categories?post=694"},{"taxonomy":"post_tag","embeddable":true,"href":"https:\/\/ekosspiritus.hr\/index.php\/wp-json\/wp\/v2\/tags?post=694"}],"curies":[{"name":"wp","href":"https:\/\/api.w.org\/{rel}","templated":true}]}}