{"id":713,"date":"2016-10-21T19:28:10","date_gmt":"2016-10-21T19:28:10","guid":{"rendered":"http:\/\/ekosspiritus.hr\/?p=713"},"modified":"2016-11-06T09:27:07","modified_gmt":"2016-11-06T09:27:07","slug":"najavljujemo-24-satno-klanjanje-na-cerini","status":"publish","type":"post","link":"https:\/\/ekosspiritus.hr\/index.php\/2016\/10\/21\/najavljujemo-24-satno-klanjanje-na-cerini\/","title":{"rendered":"NAJAVLJUJEMO: 24-satno klanjanje na Cerini"},"content":{"rendered":"<p style=\"text-align: center;\"><strong>24 \u2013 satno klanjanje u ku\u0107noj kapeli sv. Izidora Seljaka na Cerini<\/strong><\/p>\n<p style=\"text-align: center;\"><em>\u201eJaki i svemo\u0107ni Bo\u017ee!<\/em><\/p>\n<p style=\"text-align: center;\"><em>Kako da ti dovoljno zahvalim<\/em><em> za to \u0161to si me svojom dobrotom vodio kroz ovaj dan?<br \/>\nDao si mi svagda\u0161nji kruh i dalje si mi pomagao u te\u0161ko\u0107ama dana.<\/em><\/p>\n<p style=\"text-align: center;\"><em>Neka ti se dopadne moja slaba pohvala i moja siroma\u0161na zahvalnost.<\/em><\/p>\n<p style=\"text-align: center;\"><em>Nakon \u0161to je ovaj dan <\/em><em>protekao, ne spominji se vi\u0161e mojih grijeha.<\/em><\/p>\n<p style=\"text-align: center;\"><em>Ostani uz<\/em><em> mene sa svojim svjetlom, kada se hvata mrak.<\/em><\/p>\n<p style=\"text-align: center;\"><em>Kada si<\/em><em> ti uz mene, \u010dega da se bojim?<\/em><\/p>\n<p style=\"text-align: center;\"><em>Pod tvojim okriljem<\/em><em>, Isuse, \u017eelim usnuti utje\u0161ena i u miru.\u201c<\/em><\/p>\n<p>Tradicionalno godi\u0161nje 24-satno klanjanje pred Presvetim oltarskim sakramentom odr\u017eat \u0107e se u kapeli sv. Izidora Seljaka na Cerini od petka, 4. studenog u 18:00 sati do subote, 5. studenog u 18:00 sati. Okupljamo se da bi zahvalili na svemu lijepome \u0161to se dogodilo kroz godinu dana u udruzi Ekosspiritus i svim njenim ograncima. Zahvaljujemo i na svim \u010dudima koja su nam darovana u privatnom \u017eivotu.<\/p>\n<p>Pridru\u017eite se zajedni\u010dkim, vo\u0111enim trenucima molitve ili odaberite svoj termin da se susretnete s Njim o\u010di u o\u010di.<\/p>\n<p>Molimo vas da dolazak u \u017eeljeno vrijeme van zajedni\u010dkih sati molitve najavite na mail <a href=\"mailto:katarina.pucar@gmail.com\">katarina.pucar@gmail.com<\/a>. Raspored \u0107e se a\u017eurirati na <a href=\"http:\/\/www.ekosspiritus.hr\">www.ekosspiritus.hr<\/a>.<\/p>\n<p>Tijekom klanjanja na Cerini \u0107e vladati ti\u0161ina, ali sakupit \u0107emo se na zajedni\u010dkim obrocima:<\/p>\n<p>= ve\u010dera u petak u 20:00 sati<\/p>\n<p>= doru\u010dak u subotu u 9:00 sati<\/p>\n<p>= ru\u010dak u subotu u 13:00 sati<\/p>\n<p>= ve\u010dera u subotu u 19:00 sati<\/p>\n<p>Glavno jelo za sve najavljene osigurava udruga, a sudionici mogu donijeti kola\u010de, kekse, sok, kavu i sl.<\/p>\n<p>&nbsp;<\/p>\n<p><strong>Raspored doga\u0111anja:<\/strong><\/p>\n<p><strong>Petak, 4. studeni<\/strong><\/p>\n<p>Zbog prakti\u010dnih razloga\u00a0Presveto \u0107e biti izlo\u017eeno bez prethodnog euharistijskog slavlja, \u00a0ve\u0107 od 17:00 sati. Odaberite svoj termin za zajedni\u0161tvo s Gospodinom:<\/p>\n<p>17:00 &#8211; 18:00 Vlado Kenda<\/p>\n<p>18:00 &#8211; 19:00 Marko \u0160\u010drbec<\/p>\n<p>19:00 \u2013 20:00 Klapa Fure\u0161ti<\/p>\n<p>20:00 \u2013 21:00 Ivana Buzjak<\/p>\n<p>21:00 \u2013 22:00 Zajedni\u010dki vo\u0111eni sat molitve<\/p>\n<p>22:00 \u2013 23:00 Karmela Brki\u0107<\/p>\n<p>23:00 \u2013 24:00 Lea Hrvat i Zvonimir Mati\u0107<\/p>\n<p><strong>Subota, 5. studeni<\/strong><\/p>\n<p>00:00 \u2013 01:00\u00a0Domagoj \u010cale i Milka Su\u010di\u0107<\/p>\n<p>01:00 \u2013 02:00 Diana Zloi\u0107<\/p>\n<p>02:00 \u2013 03:00 Stjepan Petek<\/p>\n<p>03:00 \u2013 04:00 Josip Petrak<\/p>\n<p>04:00 \u2013 05:00 Maja Ribari\u0107<\/p>\n<p>05:00 \u2013 06:00 obitelj Kuzmi\u010di\u0107<\/p>\n<p>06:00 \u2013 07:00 Mihovil Frater<\/p>\n<p>07:00 \u2013 08:00 Mario Kurtovi\u0107<\/p>\n<p>08:00 \u2013 09:00 Martina Bedrica<\/p>\n<p>09:00 \u2013 10:00 Tomislav Ivir<\/p>\n<p>10:00 \u2013 11:00 obitelj Joki\u0107 Perkovi\u0107 Milutinovi\u0107<\/p>\n<p>11:00 \u2013 12:00 Zvonimir Bule<\/p>\n<p>12:00 \u2013 13:00 Zajedni\u010dki vo\u0111eni sat molitve (HPD Sv. Patrik)<\/p>\n<p>13:00 \u2013 14:00<\/p>\n<p>14:00 \u2013 15:00<\/p>\n<p>15:00 \u2013 16:00 Snje\u017eana i Ivan Domagoj Nikoli\u0107<\/p>\n<p>16:00 \u2013 17:00\u00a0Marin Pecaver<\/p>\n<p>17:00 \u2013 18:00 Zajedni\u010dki vo\u0111eni sat molitve (Udruga sv. Izidora Seljaka)<\/p>\n<p>18:00 sati \u2013 zavr\u0161na zajedni\u010dka euharistija<\/p>\n<p>&nbsp;<\/p>\n","protected":false},"excerpt":{"rendered":"<p>24 \u2013 satno klanjanje u ku\u0107noj kapeli sv. Izidora Seljaka na Cerini \u201eJaki i svemo\u0107ni Bo\u017ee! Kako da ti dovoljno zahvalim za to \u0161to si me svojom dobrotom vodio kroz ovaj dan?<a class=\"moretag\" href=\"https:\/\/ekosspiritus.hr\/index.php\/2016\/10\/21\/najavljujemo-24-satno-klanjanje-na-cerini\/\">Read More&#8230;<\/a><\/p>\n","protected":false},"author":2,"featured_media":714,"comment_status":"closed","ping_status":"open","sticky":false,"template":"","format":"standard","meta":{"footnotes":""},"categories":[22],"tags":[],"class_list":["post-713","post","type-post","status-publish","format-standard","has-post-thumbnail","hentry","category-cerina-najava"],"_links":{"self":[{"href":"https:\/\/ekosspiritus.hr\/index.php\/wp-json\/wp\/v2\/posts\/713","targetHints":{"allow":["GET"]}}],"collection":[{"href":"https:\/\/ekosspiritus.hr\/index.php\/wp-json\/wp\/v2\/posts"}],"about":[{"href":"https:\/\/ekosspiritus.hr\/index.php\/wp-json\/wp\/v2\/types\/post"}],"author":[{"embeddable":true,"href":"https:\/\/ekosspiritus.hr\/index.php\/wp-json\/wp\/v2\/users\/2"}],"replies":[{"embeddable":true,"href":"https:\/\/ekosspiritus.hr\/index.php\/wp-json\/wp\/v2\/comments?post=713"}],"version-history":[{"count":16,"href":"https:\/\/ekosspiritus.hr\/index.php\/wp-json\/wp\/v2\/posts\/713\/revisions"}],"predecessor-version":[{"id":732,"href":"https:\/\/ekosspiritus.hr\/index.php\/wp-json\/wp\/v2\/posts\/713\/revisions\/732"}],"wp:featuredmedia":[{"embeddable":true,"href":"https:\/\/ekosspiritus.hr\/index.php\/wp-json\/wp\/v2\/media\/714"}],"wp:attachment":[{"href":"https:\/\/ekosspiritus.hr\/index.php\/wp-json\/wp\/v2\/media?parent=713"}],"wp:term":[{"taxonomy":"category","embeddable":true,"href":"https:\/\/ekosspiritus.hr\/index.php\/wp-json\/wp\/v2\/categories?post=713"},{"taxonomy":"post_tag","embeddable":true,"href":"https:\/\/ekosspiritus.hr\/index.php\/wp-json\/wp\/v2\/tags?post=713"}],"curies":[{"name":"wp","href":"https:\/\/api.w.org\/{rel}","templated":true}]}}