{"id":733,"date":"2016-11-06T09:50:36","date_gmt":"2016-11-06T09:50:36","guid":{"rendered":"http:\/\/ekosspiritus.hr\/?p=733"},"modified":"2016-11-06T09:50:36","modified_gmt":"2016-11-06T09:50:36","slug":"odrzano-24-satno-klanjanje-na-cerini","status":"publish","type":"post","link":"https:\/\/ekosspiritus.hr\/index.php\/2016\/11\/06\/odrzano-24-satno-klanjanje-na-cerini\/","title":{"rendered":"Odr\u017eano 24-satno klanjanje na Cerini"},"content":{"rendered":"<p>Odr\u017eano 24-satno klanjanje na Cerini<\/p>\n<p>To je onaj vikend kada Cerina \u017eivi u malo ti\u0161em tonu nego \u0161to je uobi\u010dajeno. To je onaj vikend kada se okupljamo, kroz maglu i duboke nanose li\u0161\u0107a na cesti koja vodi do na\u0161eg doma, dobar dio po mraku \u2013 ali dolazimo da bi zahvalili. I izmjenjuju se molitelji pred Presvetim i izmjenjuju se razni motivi dolaska, razne molitve i zaklju\u010dci. Puno nam je toga darovano. Dobro je, ako ne \u010de\u0161\u0107e, a onda barem jednom godi\u0161nje zastati nad tim \u010dudom. Bili su ovaj vikend na Cerini predstavnici svih ogranaka udruge Ekosspiritus, a pridru\u017eili su nam se i neki prijatelji.<\/p>\n<p>Zavr\u0161no euharistijsko slavlje predvodio je p. Marko \u0160op koji je planinarskom domu poklonio fotografiju talijanskog bla\u017eenika planinara, navode\u0107i ga kao jednog od brojnih primjera kako se u planini mo\u017ee pribli\u017eiti Bogu, \u010demu svi te\u017eimo.<\/p>\n","protected":false},"excerpt":{"rendered":"<p>Odr\u017eano 24-satno klanjanje na Cerini To je onaj vikend kada Cerina \u017eivi u malo ti\u0161em tonu nego \u0161to je uobi\u010dajeno. To je onaj vikend kada se okupljamo, kroz maglu i duboke nanose<a class=\"moretag\" href=\"https:\/\/ekosspiritus.hr\/index.php\/2016\/11\/06\/odrzano-24-satno-klanjanje-na-cerini\/\">Read More&#8230;<\/a><\/p>\n","protected":false},"author":2,"featured_media":734,"comment_status":"closed","ping_status":"open","sticky":false,"template":"","format":"standard","meta":{"footnotes":""},"categories":[23],"tags":[],"class_list":["post-733","post","type-post","status-publish","format-standard","has-post-thumbnail","hentry","category-cerina-clanak"],"_links":{"self":[{"href":"https:\/\/ekosspiritus.hr\/index.php\/wp-json\/wp\/v2\/posts\/733","targetHints":{"allow":["GET"]}}],"collection":[{"href":"https:\/\/ekosspiritus.hr\/index.php\/wp-json\/wp\/v2\/posts"}],"about":[{"href":"https:\/\/ekosspiritus.hr\/index.php\/wp-json\/wp\/v2\/types\/post"}],"author":[{"embeddable":true,"href":"https:\/\/ekosspiritus.hr\/index.php\/wp-json\/wp\/v2\/users\/2"}],"replies":[{"embeddable":true,"href":"https:\/\/ekosspiritus.hr\/index.php\/wp-json\/wp\/v2\/comments?post=733"}],"version-history":[{"count":1,"href":"https:\/\/ekosspiritus.hr\/index.php\/wp-json\/wp\/v2\/posts\/733\/revisions"}],"predecessor-version":[{"id":735,"href":"https:\/\/ekosspiritus.hr\/index.php\/wp-json\/wp\/v2\/posts\/733\/revisions\/735"}],"wp:featuredmedia":[{"embeddable":true,"href":"https:\/\/ekosspiritus.hr\/index.php\/wp-json\/wp\/v2\/media\/734"}],"wp:attachment":[{"href":"https:\/\/ekosspiritus.hr\/index.php\/wp-json\/wp\/v2\/media?parent=733"}],"wp:term":[{"taxonomy":"category","embeddable":true,"href":"https:\/\/ekosspiritus.hr\/index.php\/wp-json\/wp\/v2\/categories?post=733"},{"taxonomy":"post_tag","embeddable":true,"href":"https:\/\/ekosspiritus.hr\/index.php\/wp-json\/wp\/v2\/tags?post=733"}],"curies":[{"name":"wp","href":"https:\/\/api.w.org\/{rel}","templated":true}]}}