{"id":736,"date":"2016-11-06T10:01:47","date_gmt":"2016-11-06T10:01:47","guid":{"rendered":"http:\/\/ekosspiritus.hr\/?p=736"},"modified":"2016-11-06T10:01:47","modified_gmt":"2016-11-06T10:01:47","slug":"najavljujemo-izlet-na-bjelolasicu","status":"publish","type":"post","link":"https:\/\/ekosspiritus.hr\/index.php\/2016\/11\/06\/najavljujemo-izlet-na-bjelolasicu\/","title":{"rendered":"NAJAVLJUJEMO: Izlet na Bjelolasicu"},"content":{"rendered":"<p>Pozivamo vas na jednodnevni izlet &#8211; prona\u0111imo i upoznajmo jesen! U njenim bojama, u njenim maglama, mo\u017eda i u njenim ki\u0161ama, u njenim mirisima i oblicima i plodovima&#8230; Jesen tra\u017eimo u subotu, 12. 11. 2016. Idemo na Kulu, vrh Bjelolasice, najvi\u0161i vrh Gorskog kotara.<\/p>\n<p>Polazak je predvi\u0111en iz Zagreba u 5:30 h.<\/p>\n<p>Po dolasku u Begovo Razdolje slijedi uspon na Kulu (1534 m n\/v).<\/p>\n<p>Po \u017eelji, ru\u010dak u Ravnoj Gori u pansionu Bijela Ru\u017ea o vlastitom tro\u0161ku.<\/p>\n<p>Nakon ru\u010dka kratki uspon\/\u0161etnja na Javorovu kosu te odlazak ku\u0107ama.<\/p>\n<p>Ako ne bude dosta zainteresiranih za pla\u0107anje autobusa, idemo osobnim automobilima, te tro\u0161kove prijevoza dijelimo.<br \/>\nZainteresirani neka se jave Tomislavu na tomislav.martinelli@udruga-marjan.hr ili +385913736050<\/p>\n","protected":false},"excerpt":{"rendered":"<p>Pozivamo vas na jednodnevni izlet &#8211; prona\u0111imo i upoznajmo jesen! U njenim bojama, u njenim maglama, mo\u017eda i u njenim ki\u0161ama, u njenim mirisima i oblicima i plodovima&#8230; Jesen tra\u017eimo u subotu,<a class=\"moretag\" href=\"https:\/\/ekosspiritus.hr\/index.php\/2016\/11\/06\/najavljujemo-izlet-na-bjelolasicu\/\">Read More&#8230;<\/a><\/p>\n","protected":false},"author":2,"featured_media":737,"comment_status":"closed","ping_status":"open","sticky":false,"template":"","format":"standard","meta":{"footnotes":""},"categories":[17],"tags":[],"class_list":["post-736","post","type-post","status-publish","format-standard","has-post-thumbnail","hentry","category-izleti-najava"],"_links":{"self":[{"href":"https:\/\/ekosspiritus.hr\/index.php\/wp-json\/wp\/v2\/posts\/736","targetHints":{"allow":["GET"]}}],"collection":[{"href":"https:\/\/ekosspiritus.hr\/index.php\/wp-json\/wp\/v2\/posts"}],"about":[{"href":"https:\/\/ekosspiritus.hr\/index.php\/wp-json\/wp\/v2\/types\/post"}],"author":[{"embeddable":true,"href":"https:\/\/ekosspiritus.hr\/index.php\/wp-json\/wp\/v2\/users\/2"}],"replies":[{"embeddable":true,"href":"https:\/\/ekosspiritus.hr\/index.php\/wp-json\/wp\/v2\/comments?post=736"}],"version-history":[{"count":1,"href":"https:\/\/ekosspiritus.hr\/index.php\/wp-json\/wp\/v2\/posts\/736\/revisions"}],"predecessor-version":[{"id":738,"href":"https:\/\/ekosspiritus.hr\/index.php\/wp-json\/wp\/v2\/posts\/736\/revisions\/738"}],"wp:featuredmedia":[{"embeddable":true,"href":"https:\/\/ekosspiritus.hr\/index.php\/wp-json\/wp\/v2\/media\/737"}],"wp:attachment":[{"href":"https:\/\/ekosspiritus.hr\/index.php\/wp-json\/wp\/v2\/media?parent=736"}],"wp:term":[{"taxonomy":"category","embeddable":true,"href":"https:\/\/ekosspiritus.hr\/index.php\/wp-json\/wp\/v2\/categories?post=736"},{"taxonomy":"post_tag","embeddable":true,"href":"https:\/\/ekosspiritus.hr\/index.php\/wp-json\/wp\/v2\/tags?post=736"}],"curies":[{"name":"wp","href":"https:\/\/api.w.org\/{rel}","templated":true}]}}