{"id":743,"date":"2016-11-13T14:33:04","date_gmt":"2016-11-13T14:33:04","guid":{"rendered":"http:\/\/ekosspiritus.hr\/?p=743"},"modified":"2016-11-13T14:33:04","modified_gmt":"2016-11-13T14:33:04","slug":"dogodilo-se-izlet-na-ucku","status":"publish","type":"post","link":"https:\/\/ekosspiritus.hr\/index.php\/2016\/11\/13\/dogodilo-se-izlet-na-ucku\/","title":{"rendered":"DOGODILO SE: Izlet na U\u010dku"},"content":{"rendered":"<p>Jedan od onih dana kada ni\u0161ta ne ide po najavljenom planu, a zapravo zavr\u0161i jo\u0161 bolje nego \u0161to smo planirali&#8230; HPD \u201eSv. Patrik\u201c na svom izletu za studeni. Tri auta sa zimskim gumama, 12 sudionika, vodi\u010d Tomislav i skoro sva godi\u0161nja doba u jednom danu.<\/p>\n<p>Planirali smo i\u0107i na Bjelolasicu. Koli\u010dina snijega koja je tamo pala to je u\u010dinila nemogu\u0107im planom, pa smo se okrenuli prema U\u010dki. Po\u010detak staze bio je ona jesen koju smo planirali tra\u017eiti, na\u0107i i upoznati, ali kako smo sve vi\u0161e napredovali, jesen je nestajala. Prona\u0161li smo i upoznali zimu! I to pravu zimu, s dubokim snijegom i injem na granama i ledenim vjetrom! Planirali smo i\u0107i na ru\u010dak na Ravnu Goru, ali kako je sve u danu bilo pomaknuto, zavr\u0161ili smo u pansionu &#8216;U\u010dka&#8217; koji priprema autohtona jela tipi\u010dna za Istru \u2013 sve jedno zanimljivije od drugoga. Planirali smo i\u0107i na Javorovu kosu, ali smo zavr\u0161ili na Trsatu. Posljednji dan godine milosr\u0111a u na\u0161oj zemlji prona\u0161li smo jo\u0161 jedna vrata milosr\u0111a, objasna suncem.<\/p>\n<p>Oni koji nisu shvatili i prije, apsolutno su shvatili tada: sve je u danu bilo van planiranoga i sve nije moglo biti bolje nego \u0161to je bilo&#8230;<\/p>\n","protected":false},"excerpt":{"rendered":"<p>Jedan od onih dana kada ni\u0161ta ne ide po najavljenom planu, a zapravo zavr\u0161i jo\u0161 bolje nego \u0161to smo planirali&#8230; HPD \u201eSv. Patrik\u201c na svom izletu za studeni. Tri auta sa zimskim<a class=\"moretag\" href=\"https:\/\/ekosspiritus.hr\/index.php\/2016\/11\/13\/dogodilo-se-izlet-na-ucku\/\">Read More&#8230;<\/a><\/p>\n","protected":false},"author":2,"featured_media":744,"comment_status":"closed","ping_status":"open","sticky":false,"template":"","format":"standard","meta":{"footnotes":""},"categories":[16],"tags":[],"class_list":["post-743","post","type-post","status-publish","format-standard","has-post-thumbnail","hentry","category-izleti-clanak"],"_links":{"self":[{"href":"https:\/\/ekosspiritus.hr\/index.php\/wp-json\/wp\/v2\/posts\/743","targetHints":{"allow":["GET"]}}],"collection":[{"href":"https:\/\/ekosspiritus.hr\/index.php\/wp-json\/wp\/v2\/posts"}],"about":[{"href":"https:\/\/ekosspiritus.hr\/index.php\/wp-json\/wp\/v2\/types\/post"}],"author":[{"embeddable":true,"href":"https:\/\/ekosspiritus.hr\/index.php\/wp-json\/wp\/v2\/users\/2"}],"replies":[{"embeddable":true,"href":"https:\/\/ekosspiritus.hr\/index.php\/wp-json\/wp\/v2\/comments?post=743"}],"version-history":[{"count":1,"href":"https:\/\/ekosspiritus.hr\/index.php\/wp-json\/wp\/v2\/posts\/743\/revisions"}],"predecessor-version":[{"id":745,"href":"https:\/\/ekosspiritus.hr\/index.php\/wp-json\/wp\/v2\/posts\/743\/revisions\/745"}],"wp:featuredmedia":[{"embeddable":true,"href":"https:\/\/ekosspiritus.hr\/index.php\/wp-json\/wp\/v2\/media\/744"}],"wp:attachment":[{"href":"https:\/\/ekosspiritus.hr\/index.php\/wp-json\/wp\/v2\/media?parent=743"}],"wp:term":[{"taxonomy":"category","embeddable":true,"href":"https:\/\/ekosspiritus.hr\/index.php\/wp-json\/wp\/v2\/categories?post=743"},{"taxonomy":"post_tag","embeddable":true,"href":"https:\/\/ekosspiritus.hr\/index.php\/wp-json\/wp\/v2\/tags?post=743"}],"curies":[{"name":"wp","href":"https:\/\/api.w.org\/{rel}","templated":true}]}}