{"id":757,"date":"2016-12-01T10:48:19","date_gmt":"2016-12-01T10:48:19","guid":{"rendered":"http:\/\/ekosspiritus.hr\/?p=757"},"modified":"2016-12-01T10:48:19","modified_gmt":"2016-12-01T10:48:19","slug":"najavljujemo-izlozbu-bozicnih-jaslica","status":"publish","type":"post","link":"https:\/\/ekosspiritus.hr\/index.php\/2016\/12\/01\/najavljujemo-izlozbu-bozicnih-jaslica\/","title":{"rendered":"NAJAVLJUJEMO: Izlo\u017ebu bo\u017ei\u0107nih jaslica"},"content":{"rendered":"<p>Pri volu osleku, ni od vas daleko, dete le\u017ei\u2026<br \/>\n(samoborska bo\u017ei\u0107na pjesma)<\/p>\n<p>IZLO\u017dBA BO\u017dI\u0106NIH JASLICA<\/p>\n<p>Udruga Ekosspiritus i Dru\u0161tvo svetog Izidora Seljaka prire\u0111uju izlo\u017ebu bo\u017ei\u0107nih jaslica \u201ePri volu osleku, ni od vas daleko, dete le\u017ei\u2026\u201c.<br \/>\nOtvorenje izlo\u017ebe bit \u0107e u nedjelju, 11. prosinca 2016. godine, u 13 sati, u prostorijama udruge Ekosspiritus, odnosno u Planinarskom domu Cerinski vir, Cerina 61., a otvorit \u0107e je vjerou\u010ditelj Nikola Kuzmi\u010di\u0107. Otvorenju \u0107e prethoditi sveta misa koja \u0107e se u 12 sati slaviti u ku\u0107noj kapeli zajednice Ekosspiritus.<br \/>\nIzlo\u017eba \u0107e biti otvorena do nedjelje, 15. sije\u010dnja 2017. godine, a mo\u0107i \u0107e se razgledati u radno vrijeme planinarskog doma, odnosno svake subote i nedjelje od 9 do 18 sati te uo\u010di polno\u0107ke, 24. prosinca, u 24 sata. (Dom je zatvoren na Bo\u017ei\u0107, 25. prosinca.)<br \/>\nRadosno vas o\u010dekujemo!<br \/>\nUdruga Ekosspiritus i Dru\u0161tvo svetog Izidora Seljaka &#8211; Samobor<\/p>\n","protected":false},"excerpt":{"rendered":"<p>Pri volu osleku, ni od vas daleko, dete le\u017ei\u2026 (samoborska bo\u017ei\u0107na pjesma) IZLO\u017dBA BO\u017dI\u0106NIH JASLICA Udruga Ekosspiritus i Dru\u0161tvo svetog Izidora Seljaka prire\u0111uju izlo\u017ebu bo\u017ei\u0107nih jaslica \u201ePri volu osleku, ni od vas<a class=\"moretag\" href=\"https:\/\/ekosspiritus.hr\/index.php\/2016\/12\/01\/najavljujemo-izlozbu-bozicnih-jaslica\/\">Read More&#8230;<\/a><\/p>\n","protected":false},"author":2,"featured_media":758,"comment_status":"closed","ping_status":"open","sticky":false,"template":"","format":"standard","meta":{"footnotes":""},"categories":[22],"tags":[],"class_list":["post-757","post","type-post","status-publish","format-standard","has-post-thumbnail","hentry","category-cerina-najava"],"_links":{"self":[{"href":"https:\/\/ekosspiritus.hr\/index.php\/wp-json\/wp\/v2\/posts\/757","targetHints":{"allow":["GET"]}}],"collection":[{"href":"https:\/\/ekosspiritus.hr\/index.php\/wp-json\/wp\/v2\/posts"}],"about":[{"href":"https:\/\/ekosspiritus.hr\/index.php\/wp-json\/wp\/v2\/types\/post"}],"author":[{"embeddable":true,"href":"https:\/\/ekosspiritus.hr\/index.php\/wp-json\/wp\/v2\/users\/2"}],"replies":[{"embeddable":true,"href":"https:\/\/ekosspiritus.hr\/index.php\/wp-json\/wp\/v2\/comments?post=757"}],"version-history":[{"count":1,"href":"https:\/\/ekosspiritus.hr\/index.php\/wp-json\/wp\/v2\/posts\/757\/revisions"}],"predecessor-version":[{"id":759,"href":"https:\/\/ekosspiritus.hr\/index.php\/wp-json\/wp\/v2\/posts\/757\/revisions\/759"}],"wp:featuredmedia":[{"embeddable":true,"href":"https:\/\/ekosspiritus.hr\/index.php\/wp-json\/wp\/v2\/media\/758"}],"wp:attachment":[{"href":"https:\/\/ekosspiritus.hr\/index.php\/wp-json\/wp\/v2\/media?parent=757"}],"wp:term":[{"taxonomy":"category","embeddable":true,"href":"https:\/\/ekosspiritus.hr\/index.php\/wp-json\/wp\/v2\/categories?post=757"},{"taxonomy":"post_tag","embeddable":true,"href":"https:\/\/ekosspiritus.hr\/index.php\/wp-json\/wp\/v2\/tags?post=757"}],"curies":[{"name":"wp","href":"https:\/\/api.w.org\/{rel}","templated":true}]}}