{"id":780,"date":"2017-01-04T12:19:55","date_gmt":"2017-01-04T12:19:55","guid":{"rendered":"http:\/\/ekosspiritus.hr\/?p=780"},"modified":"2017-01-04T12:19:55","modified_gmt":"2017-01-04T12:19:55","slug":"odrzan-novogodisnji-izlet-na-sljeme","status":"publish","type":"post","link":"https:\/\/ekosspiritus.hr\/index.php\/2017\/01\/04\/odrzan-novogodisnji-izlet-na-sljeme\/","title":{"rendered":"Odr\u017ean novogodi\u0161nji izlet na Sljeme"},"content":{"rendered":"<p>01.01.2017. odr\u017ean je sada ve\u0107 tradicionalni, tre\u0107i novogodi\u0161nji izlet na Sljeme.<\/p>\n<p>Mi kojima sam do\u010dek Nove nije ne\u0161to va\u017ean, mi kojima je dra\u017ee u\u0161u\u0161kati se u topli krevet nego cupkati po hladnim trgovima \u010dekaju\u0107i pono\u0107, mi koji smo ipak dovoljno sna\u017eni i da ostanemo budni do kasno u no\u0107 i svejedno stignemo i na izlet i ovaj puta smo pro\u0161etali kroz prvi dan godine.<\/p>\n<p>U 9:00 h bili smo na misi u sv. Mirka u \u0160estinama, a od tamo smo preko Kralji\u010dinog zdenca, staze Mrcine, samog Sljemena i skija\u0161ke staze u\u0161li u toplu Puntijarku, okrijepili se jelom i pilom, podru\u017eili se s poznatima i strancima i vratili se busom do \u0160estina.<\/p>\n<p>Sretnu Novu 2017. \u017eeli vam HPD sv. Patrik!<\/p>\n","protected":false},"excerpt":{"rendered":"<p>01.01.2017. odr\u017ean je sada ve\u0107 tradicionalni, tre\u0107i novogodi\u0161nji izlet na Sljeme. Mi kojima sam do\u010dek Nove nije ne\u0161to va\u017ean, mi kojima je dra\u017ee u\u0161u\u0161kati se u topli krevet nego cupkati po hladnim<a class=\"moretag\" href=\"https:\/\/ekosspiritus.hr\/index.php\/2017\/01\/04\/odrzan-novogodisnji-izlet-na-sljeme\/\">Read More&#8230;<\/a><\/p>\n","protected":false},"author":2,"featured_media":781,"comment_status":"closed","ping_status":"open","sticky":false,"template":"","format":"standard","meta":{"footnotes":""},"categories":[16],"tags":[],"class_list":["post-780","post","type-post","status-publish","format-standard","has-post-thumbnail","hentry","category-izleti-clanak"],"_links":{"self":[{"href":"https:\/\/ekosspiritus.hr\/index.php\/wp-json\/wp\/v2\/posts\/780","targetHints":{"allow":["GET"]}}],"collection":[{"href":"https:\/\/ekosspiritus.hr\/index.php\/wp-json\/wp\/v2\/posts"}],"about":[{"href":"https:\/\/ekosspiritus.hr\/index.php\/wp-json\/wp\/v2\/types\/post"}],"author":[{"embeddable":true,"href":"https:\/\/ekosspiritus.hr\/index.php\/wp-json\/wp\/v2\/users\/2"}],"replies":[{"embeddable":true,"href":"https:\/\/ekosspiritus.hr\/index.php\/wp-json\/wp\/v2\/comments?post=780"}],"version-history":[{"count":1,"href":"https:\/\/ekosspiritus.hr\/index.php\/wp-json\/wp\/v2\/posts\/780\/revisions"}],"predecessor-version":[{"id":782,"href":"https:\/\/ekosspiritus.hr\/index.php\/wp-json\/wp\/v2\/posts\/780\/revisions\/782"}],"wp:featuredmedia":[{"embeddable":true,"href":"https:\/\/ekosspiritus.hr\/index.php\/wp-json\/wp\/v2\/media\/781"}],"wp:attachment":[{"href":"https:\/\/ekosspiritus.hr\/index.php\/wp-json\/wp\/v2\/media?parent=780"}],"wp:term":[{"taxonomy":"category","embeddable":true,"href":"https:\/\/ekosspiritus.hr\/index.php\/wp-json\/wp\/v2\/categories?post=780"},{"taxonomy":"post_tag","embeddable":true,"href":"https:\/\/ekosspiritus.hr\/index.php\/wp-json\/wp\/v2\/tags?post=780"}],"curies":[{"name":"wp","href":"https:\/\/api.w.org\/{rel}","templated":true}]}}