{"id":793,"date":"2017-02-10T10:41:13","date_gmt":"2017-02-10T10:41:13","guid":{"rendered":"http:\/\/ekosspiritus.hr\/?p=793"},"modified":"2017-02-10T10:41:13","modified_gmt":"2017-02-10T10:41:13","slug":"najvljujemo-59-planinarski-krizni-put","status":"publish","type":"post","link":"https:\/\/ekosspiritus.hr\/index.php\/2017\/02\/10\/najvljujemo-59-planinarski-krizni-put\/","title":{"rendered":"Najvljujemo 59. Planinarski kri\u017eni put"},"content":{"rendered":"<p>Na Stepin\u010dev dan, kada se sje\u0107amo toga velikog hrvatskog bla\u017eenika, najavljujemo nadolaze\u0107i 59. Planinarski kri\u017eni put udruge Ekosspiritus. Za\u0161to ba\u0161 danas? 14 postaja ovog kri\u017enog puta bit \u0107e oblikovano prema citatima bla\u017eenika, nekim njegovim poznatim re\u010denicama. One \u0107e se mo\u0107i i vidjeti, izra\u0111ene narodnom tehnikom kri\u017ei\u0107a na platnu, koje izra\u0111uju \u017eene iz udruge Sv. Izidora Seljaka. To \u0107e biti na\u0161 doprinos molitvi za progla\u0161enje svetim bl. Alojzija Stepinca.<br \/>\nHodat \u0107emo tradicionalno u 5. korizmenom vikendu, ove godine je to 1. i 2. travanj. Doma\u0107ini su mladi iz Bedenice, kojima je ovo ve\u0107 tre\u0107i put da organiziraju planinarski kri\u017eni put u svome kraju. Podr\u017ealo ih je Povjerenstvo za pastoral mladih Bjelovarske biskupije i vl\u010d. Zoran Grgi\u0107, povjerenik za mlade. Prolazit \u0107emo trasu Bedenica \u2013 Marija Bistrica \u2013 Sveti Ivan Zelina. No\u0107enje je u sveti\u0161tu Majke Bo\u017eje Bistri\u010dke, ba\u0161 kao i prije 15 godina, kada se obilje\u017eavao 30. Planinarski kri\u017eni put. Tamo \u0107e nas primiti upravitelj sveti\u0161ta vl\u010d. Domagoj Mato\u0161evi\u0107.<br \/>\nGeslo pohoda je \u201eOdvalite kamen!\u201c (Iv 11, 39) prema tekstu evan\u0111elja koje \u0107emo \u010ditati tu nedjelju. Pozivamo vas da odvalite kamen sa svojega srca i otvorite se zajedni\u0161tvu planinarskih kri\u017enih puteva u ovoj godini, kako ovog korizmenog, tako i jubilarnog 60. koji \u0107e na jesen biti odr\u017ean u Samoborskom gorju.<br \/>\nAnimatori \u0107e sve detaljne upute i prijavne liste mo\u0107i \u0107ete na\u0107i, u uobi\u010dajeno vrijeme prije pohoda, na web stranici udruge (www.ekosspiritus.hr ).<br \/>\nBl. Alojzije Stepin\u010de, moli za nas!<br \/>\nMajko Bo\u017eja Bistri\u010dka, moli za nas!<\/p>\n","protected":false},"excerpt":{"rendered":"<p>Na Stepin\u010dev dan, kada se sje\u0107amo toga velikog hrvatskog bla\u017eenika, najavljujemo nadolaze\u0107i 59. Planinarski kri\u017eni put udruge Ekosspiritus. Za\u0161to ba\u0161 danas? 14 postaja ovog kri\u017enog puta bit \u0107e oblikovano prema citatima bla\u017eenika,<a class=\"moretag\" href=\"https:\/\/ekosspiritus.hr\/index.php\/2017\/02\/10\/najvljujemo-59-planinarski-krizni-put\/\">Read More&#8230;<\/a><\/p>\n","protected":false},"author":2,"featured_media":794,"comment_status":"closed","ping_status":"open","sticky":false,"template":"","format":"standard","meta":{"footnotes":""},"categories":[8],"tags":[],"class_list":["post-793","post","type-post","status-publish","format-standard","has-post-thumbnail","hentry","category-pkp-najava-2"],"_links":{"self":[{"href":"https:\/\/ekosspiritus.hr\/index.php\/wp-json\/wp\/v2\/posts\/793","targetHints":{"allow":["GET"]}}],"collection":[{"href":"https:\/\/ekosspiritus.hr\/index.php\/wp-json\/wp\/v2\/posts"}],"about":[{"href":"https:\/\/ekosspiritus.hr\/index.php\/wp-json\/wp\/v2\/types\/post"}],"author":[{"embeddable":true,"href":"https:\/\/ekosspiritus.hr\/index.php\/wp-json\/wp\/v2\/users\/2"}],"replies":[{"embeddable":true,"href":"https:\/\/ekosspiritus.hr\/index.php\/wp-json\/wp\/v2\/comments?post=793"}],"version-history":[{"count":1,"href":"https:\/\/ekosspiritus.hr\/index.php\/wp-json\/wp\/v2\/posts\/793\/revisions"}],"predecessor-version":[{"id":795,"href":"https:\/\/ekosspiritus.hr\/index.php\/wp-json\/wp\/v2\/posts\/793\/revisions\/795"}],"wp:featuredmedia":[{"embeddable":true,"href":"https:\/\/ekosspiritus.hr\/index.php\/wp-json\/wp\/v2\/media\/794"}],"wp:attachment":[{"href":"https:\/\/ekosspiritus.hr\/index.php\/wp-json\/wp\/v2\/media?parent=793"}],"wp:term":[{"taxonomy":"category","embeddable":true,"href":"https:\/\/ekosspiritus.hr\/index.php\/wp-json\/wp\/v2\/categories?post=793"},{"taxonomy":"post_tag","embeddable":true,"href":"https:\/\/ekosspiritus.hr\/index.php\/wp-json\/wp\/v2\/tags?post=793"}],"curies":[{"name":"wp","href":"https:\/\/api.w.org\/{rel}","templated":true}]}}