{"id":797,"date":"2017-02-19T13:43:46","date_gmt":"2017-02-19T13:43:46","guid":{"rendered":"http:\/\/ekosspiritus.hr\/?p=797"},"modified":"2017-02-19T13:43:46","modified_gmt":"2017-02-19T13:43:46","slug":"nastavljene-pripreme-za-proljetni-pkp","status":"publish","type":"post","link":"https:\/\/ekosspiritus.hr\/index.php\/2017\/02\/19\/nastavljene-pripreme-za-proljetni-pkp\/","title":{"rendered":"Nastavljene pripreme za proljetni PKP"},"content":{"rendered":"<p>59. Planinarski kri\u017eni put<br \/>\nNastavljene pripreme za korizmeni pohod Planinarskog kri\u017enog puta<br \/>\nDanas je u sveti\u0161tu Majke Bo\u017eje Bistri\u010dke odr\u017ean jo\u0161 jedan sastanak u vezi 59. Planinarskog kri\u017enog puta u organizaciji udruge Ekosspiritus, koji \u0107e se odr\u017eati 1. i 2. travnja ove godine na dionici puta: Bedenica \u2013 Marija Bistrica \u2013 Sveti Ivan Zelina.<br \/>\nDoma\u0107ini \u0107e nam biti mladi iz \u017eupe Bedenica koji su kandidirali ovaj pohod, podr\u017eani Povjerenstvom za pastoral mladih Bjelovarske biskupije i vl\u010d. Zoranom Grgi\u0107em. Doma\u0107ini no\u0107enja i ve\u010dernjeg programa u subotu bit \u0107e mladi koji se okupljaju uz \u017eupni ured Majke Bo\u017eje Bistri\u010dke predvo\u0111eni pre\u010dasnim Domagojem Mato\u0161evi\u0107em, rektorom sveti\u0161ta.<br \/>\nPoznato je sve vi\u0161e detalja u vezi bogatog i sadr\u017eajnog molitvenog programa, te u vezi tehni\u010dkih i organizacijskih to\u010daka.<br \/>\nUskoro \u0107e biti poslana obavijest s detaljnim uputama i poziv za va\u0161e sudjelovanje svima onima sudionicima pro\u0161lih pohoda Planinarskog kri\u017enog puta koji su ostavili kontakt udruzi, a obavjesti \u0107e se na\u0107i i na mre\u017enim i facebook stranicama udruge Ekosspiritus.<br \/>\nRadosno o\u010dekujemo va\u0161e prijave!<\/p>\n","protected":false},"excerpt":{"rendered":"<p>59. Planinarski kri\u017eni put Nastavljene pripreme za korizmeni pohod Planinarskog kri\u017enog puta Danas je u sveti\u0161tu Majke Bo\u017eje Bistri\u010dke odr\u017ean jo\u0161 jedan sastanak u vezi 59. Planinarskog kri\u017enog puta u organizaciji udruge<a class=\"moretag\" href=\"https:\/\/ekosspiritus.hr\/index.php\/2017\/02\/19\/nastavljene-pripreme-za-proljetni-pkp\/\">Read More&#8230;<\/a><\/p>\n","protected":false},"author":2,"featured_media":798,"comment_status":"closed","ping_status":"open","sticky":false,"template":"","format":"standard","meta":{"footnotes":""},"categories":[8],"tags":[],"class_list":["post-797","post","type-post","status-publish","format-standard","has-post-thumbnail","hentry","category-pkp-najava-2"],"_links":{"self":[{"href":"https:\/\/ekosspiritus.hr\/index.php\/wp-json\/wp\/v2\/posts\/797","targetHints":{"allow":["GET"]}}],"collection":[{"href":"https:\/\/ekosspiritus.hr\/index.php\/wp-json\/wp\/v2\/posts"}],"about":[{"href":"https:\/\/ekosspiritus.hr\/index.php\/wp-json\/wp\/v2\/types\/post"}],"author":[{"embeddable":true,"href":"https:\/\/ekosspiritus.hr\/index.php\/wp-json\/wp\/v2\/users\/2"}],"replies":[{"embeddable":true,"href":"https:\/\/ekosspiritus.hr\/index.php\/wp-json\/wp\/v2\/comments?post=797"}],"version-history":[{"count":1,"href":"https:\/\/ekosspiritus.hr\/index.php\/wp-json\/wp\/v2\/posts\/797\/revisions"}],"predecessor-version":[{"id":799,"href":"https:\/\/ekosspiritus.hr\/index.php\/wp-json\/wp\/v2\/posts\/797\/revisions\/799"}],"wp:featuredmedia":[{"embeddable":true,"href":"https:\/\/ekosspiritus.hr\/index.php\/wp-json\/wp\/v2\/media\/798"}],"wp:attachment":[{"href":"https:\/\/ekosspiritus.hr\/index.php\/wp-json\/wp\/v2\/media?parent=797"}],"wp:term":[{"taxonomy":"category","embeddable":true,"href":"https:\/\/ekosspiritus.hr\/index.php\/wp-json\/wp\/v2\/categories?post=797"},{"taxonomy":"post_tag","embeddable":true,"href":"https:\/\/ekosspiritus.hr\/index.php\/wp-json\/wp\/v2\/tags?post=797"}],"curies":[{"name":"wp","href":"https:\/\/api.w.org\/{rel}","templated":true}]}}