{"id":800,"date":"2017-02-20T09:33:01","date_gmt":"2017-02-20T09:33:01","guid":{"rendered":"http:\/\/ekosspiritus.hr\/?p=800"},"modified":"2017-02-20T09:33:01","modified_gmt":"2017-02-20T09:33:01","slug":"najavljujemo-radnu-akciju-na-cerini","status":"publish","type":"post","link":"https:\/\/ekosspiritus.hr\/index.php\/2017\/02\/20\/najavljujemo-radnu-akciju-na-cerini\/","title":{"rendered":"NAJAVLJUJEMO Radnu akciju na Cerini"},"content":{"rendered":"<p>Dragi prijatelji, planinari, \u010dlanovi HPD-a sv. Patrika!<\/p>\n<p>Vrijeme je za proljetno \u010di\u0161\u0107enje! \ud83d\ude09<br \/>\nPozivamo vas na prvu radnu akciju ove godine, u subotu 25. velja\u010de, kojoj je cilj nastavak ure\u0111enja planinarske staze od Cerinskog vira prema Japeti\u0107u. Treba posje\u0107i grmlje koje je izraslo na planinarskom putu, maknuti sru\u0161ene grane i sli\u010dno.<br \/>\nU planinarskom domu \u00a0za sve sudionike akcije osiguran je doru\u010dak\u00a0i ru\u010dak. Radi bolje organizacije, molimo vas, svoj dolazak najavite na broj mobitela od planinarskog doma: 0919464736 (Vlado).<br \/>\nOkupljanje je na planinarskom domu u 9:00 sati.<br \/>\nU slu\u010daju lo\u0161eg vremena akcija \u0107e se odr\u017eati sljede\u0107i vikend.<br \/>\nRadosno vas o\u010dekujemo!<\/p>\n","protected":false},"excerpt":{"rendered":"<p>Dragi prijatelji, planinari, \u010dlanovi HPD-a sv. Patrika! Vrijeme je za proljetno \u010di\u0161\u0107enje! \ud83d\ude09 Pozivamo vas na prvu radnu akciju ove godine, u subotu 25. velja\u010de, kojoj je cilj nastavak ure\u0111enja planinarske staze<a class=\"moretag\" href=\"https:\/\/ekosspiritus.hr\/index.php\/2017\/02\/20\/najavljujemo-radnu-akciju-na-cerini\/\">Read More&#8230;<\/a><\/p>\n","protected":false},"author":2,"featured_media":801,"comment_status":"closed","ping_status":"open","sticky":false,"template":"","format":"standard","meta":{"footnotes":""},"categories":[22],"tags":[],"class_list":["post-800","post","type-post","status-publish","format-standard","has-post-thumbnail","hentry","category-cerina-najava"],"_links":{"self":[{"href":"https:\/\/ekosspiritus.hr\/index.php\/wp-json\/wp\/v2\/posts\/800","targetHints":{"allow":["GET"]}}],"collection":[{"href":"https:\/\/ekosspiritus.hr\/index.php\/wp-json\/wp\/v2\/posts"}],"about":[{"href":"https:\/\/ekosspiritus.hr\/index.php\/wp-json\/wp\/v2\/types\/post"}],"author":[{"embeddable":true,"href":"https:\/\/ekosspiritus.hr\/index.php\/wp-json\/wp\/v2\/users\/2"}],"replies":[{"embeddable":true,"href":"https:\/\/ekosspiritus.hr\/index.php\/wp-json\/wp\/v2\/comments?post=800"}],"version-history":[{"count":1,"href":"https:\/\/ekosspiritus.hr\/index.php\/wp-json\/wp\/v2\/posts\/800\/revisions"}],"predecessor-version":[{"id":802,"href":"https:\/\/ekosspiritus.hr\/index.php\/wp-json\/wp\/v2\/posts\/800\/revisions\/802"}],"wp:featuredmedia":[{"embeddable":true,"href":"https:\/\/ekosspiritus.hr\/index.php\/wp-json\/wp\/v2\/media\/801"}],"wp:attachment":[{"href":"https:\/\/ekosspiritus.hr\/index.php\/wp-json\/wp\/v2\/media?parent=800"}],"wp:term":[{"taxonomy":"category","embeddable":true,"href":"https:\/\/ekosspiritus.hr\/index.php\/wp-json\/wp\/v2\/categories?post=800"},{"taxonomy":"post_tag","embeddable":true,"href":"https:\/\/ekosspiritus.hr\/index.php\/wp-json\/wp\/v2\/tags?post=800"}],"curies":[{"name":"wp","href":"https:\/\/api.w.org\/{rel}","templated":true}]}}