{"id":807,"date":"2017-02-24T09:25:48","date_gmt":"2017-02-24T09:25:48","guid":{"rendered":"http:\/\/ekosspiritus.hr\/?p=807"},"modified":"2017-02-24T09:25:48","modified_gmt":"2017-02-24T09:25:48","slug":"poziv-na-izlozbu-danijela-deverica-u-planinarskom-domu-cerinski-vir","status":"publish","type":"post","link":"https:\/\/ekosspiritus.hr\/index.php\/2017\/02\/24\/poziv-na-izlozbu-danijela-deverica-u-planinarskom-domu-cerinski-vir\/","title":{"rendered":"POZIV na izlo\u017ebu Danijela Deveri\u0107a u planinarskom domu &#8220;Cerinski vir&#8221;"},"content":{"rendered":"<p>Pozivamo vas na izlo\u017ebu Danijela Deveri\u0107a koja \u0107e biti otvorena u planinarskom domu &#8220;Cerinski vir&#8221; u nedjelju, 5. o\u017eujka 2017. u 12:00 sati.<\/p>\n<p>Izlo\u017eba nosi naslov &#8220;Ljubiti \u010dovjeka&#8221; i crte\u017ei koji se mogu vidjeti zajedno \u010dine jednu tematsku cjelinu koja u svojoj jezgri sadr\u017ei \u017eivot, odnos prema \u017eivotu, odnos prema drugome i ljubav prema Bogu i bli\u017enjemu svome.<\/p>\n<p>Radosno vas o\u010dekujemo!<\/p>\n","protected":false},"excerpt":{"rendered":"<p>Pozivamo vas na izlo\u017ebu Danijela Deveri\u0107a koja \u0107e biti otvorena u planinarskom domu &#8220;Cerinski vir&#8221; u nedjelju, 5. o\u017eujka 2017. u 12:00 sati. Izlo\u017eba nosi naslov &#8220;Ljubiti \u010dovjeka&#8221; i crte\u017ei koji se<a class=\"moretag\" href=\"https:\/\/ekosspiritus.hr\/index.php\/2017\/02\/24\/poziv-na-izlozbu-danijela-deverica-u-planinarskom-domu-cerinski-vir\/\">Read More&#8230;<\/a><\/p>\n","protected":false},"author":2,"featured_media":808,"comment_status":"closed","ping_status":"open","sticky":false,"template":"","format":"standard","meta":{"footnotes":""},"categories":[22],"tags":[],"class_list":["post-807","post","type-post","status-publish","format-standard","has-post-thumbnail","hentry","category-cerina-najava"],"_links":{"self":[{"href":"https:\/\/ekosspiritus.hr\/index.php\/wp-json\/wp\/v2\/posts\/807","targetHints":{"allow":["GET"]}}],"collection":[{"href":"https:\/\/ekosspiritus.hr\/index.php\/wp-json\/wp\/v2\/posts"}],"about":[{"href":"https:\/\/ekosspiritus.hr\/index.php\/wp-json\/wp\/v2\/types\/post"}],"author":[{"embeddable":true,"href":"https:\/\/ekosspiritus.hr\/index.php\/wp-json\/wp\/v2\/users\/2"}],"replies":[{"embeddable":true,"href":"https:\/\/ekosspiritus.hr\/index.php\/wp-json\/wp\/v2\/comments?post=807"}],"version-history":[{"count":1,"href":"https:\/\/ekosspiritus.hr\/index.php\/wp-json\/wp\/v2\/posts\/807\/revisions"}],"predecessor-version":[{"id":809,"href":"https:\/\/ekosspiritus.hr\/index.php\/wp-json\/wp\/v2\/posts\/807\/revisions\/809"}],"wp:featuredmedia":[{"embeddable":true,"href":"https:\/\/ekosspiritus.hr\/index.php\/wp-json\/wp\/v2\/media\/808"}],"wp:attachment":[{"href":"https:\/\/ekosspiritus.hr\/index.php\/wp-json\/wp\/v2\/media?parent=807"}],"wp:term":[{"taxonomy":"category","embeddable":true,"href":"https:\/\/ekosspiritus.hr\/index.php\/wp-json\/wp\/v2\/categories?post=807"},{"taxonomy":"post_tag","embeddable":true,"href":"https:\/\/ekosspiritus.hr\/index.php\/wp-json\/wp\/v2\/tags?post=807"}],"curies":[{"name":"wp","href":"https:\/\/api.w.org\/{rel}","templated":true}]}}