{"id":823,"date":"2017-03-07T07:06:50","date_gmt":"2017-03-07T07:06:50","guid":{"rendered":"http:\/\/ekosspiritus.hr\/?p=823"},"modified":"2017-03-07T07:06:50","modified_gmt":"2017-03-07T07:06:50","slug":"otvorena-izlozba-na-cerini","status":"publish","type":"post","link":"https:\/\/ekosspiritus.hr\/index.php\/2017\/03\/07\/otvorena-izlozba-na-cerini\/","title":{"rendered":"Otvorena izlo\u017eba na Cerini"},"content":{"rendered":"<p>U nedjelju 5. o\u017eujka 2017. otvorena je izlo\u017eba Danijela Deveri\u0107a \u201eLjubiti \u010dovjeka\u201c u planinarskom domu Cerinski vir. Izlo\u017ebu je otvorio vjerou\u010ditelj Radovan Libri\u0107, koji je okupljenima pribli\u017eio Danijelove radove s aktualizacijom rije\u010di iz Matejeva evan\u0111elja u kojem Krist govori: \u201e\u0160to god (ne) u\u010diniste jednomu od ovih najmanjih, (ni) meni (ne) u\u010diniste.&#8221; (Usp. Mt 25,40.45) Najme, ovu re\u010denicu \u017eivjeli su katoli\u010dki sveci koje je Danijel pribli\u017eio svakom \u010dovjeku kroz svoje radove. Katoli\u010dki sveci su njegova trajna inspiracija. Okosnicu izlo\u017ebe \u010dine portreti svete Majke Terezije i svetog Ivana Pavla II .Danijel je teolog, dugogodi\u0161nji \u010dlan udruge Ekosspiritus, a nadahnu\u0107e za svoj rad tra\u017ei u Bibliji i poruci Radosne vijesti.<\/p>\n<p>Izlo\u017eba \u0107e biti otvorena u planinarskom domu na Cerini do 9. srpnja, a mogu\u0107e ju je razgledati vikendom kada je planinarski dom otvoren za posjetitelje.<\/p>\n","protected":false},"excerpt":{"rendered":"<p>U nedjelju 5. o\u017eujka 2017. otvorena je izlo\u017eba Danijela Deveri\u0107a \u201eLjubiti \u010dovjeka\u201c u planinarskom domu Cerinski vir. Izlo\u017ebu je otvorio vjerou\u010ditelj Radovan Libri\u0107, koji je okupljenima pribli\u017eio Danijelove radove s aktualizacijom rije\u010di<a class=\"moretag\" href=\"https:\/\/ekosspiritus.hr\/index.php\/2017\/03\/07\/otvorena-izlozba-na-cerini\/\">Read More&#8230;<\/a><\/p>\n","protected":false},"author":2,"featured_media":824,"comment_status":"closed","ping_status":"open","sticky":false,"template":"","format":"standard","meta":{"footnotes":""},"categories":[23],"tags":[],"class_list":["post-823","post","type-post","status-publish","format-standard","has-post-thumbnail","hentry","category-cerina-clanak"],"_links":{"self":[{"href":"https:\/\/ekosspiritus.hr\/index.php\/wp-json\/wp\/v2\/posts\/823","targetHints":{"allow":["GET"]}}],"collection":[{"href":"https:\/\/ekosspiritus.hr\/index.php\/wp-json\/wp\/v2\/posts"}],"about":[{"href":"https:\/\/ekosspiritus.hr\/index.php\/wp-json\/wp\/v2\/types\/post"}],"author":[{"embeddable":true,"href":"https:\/\/ekosspiritus.hr\/index.php\/wp-json\/wp\/v2\/users\/2"}],"replies":[{"embeddable":true,"href":"https:\/\/ekosspiritus.hr\/index.php\/wp-json\/wp\/v2\/comments?post=823"}],"version-history":[{"count":1,"href":"https:\/\/ekosspiritus.hr\/index.php\/wp-json\/wp\/v2\/posts\/823\/revisions"}],"predecessor-version":[{"id":825,"href":"https:\/\/ekosspiritus.hr\/index.php\/wp-json\/wp\/v2\/posts\/823\/revisions\/825"}],"wp:featuredmedia":[{"embeddable":true,"href":"https:\/\/ekosspiritus.hr\/index.php\/wp-json\/wp\/v2\/media\/824"}],"wp:attachment":[{"href":"https:\/\/ekosspiritus.hr\/index.php\/wp-json\/wp\/v2\/media?parent=823"}],"wp:term":[{"taxonomy":"category","embeddable":true,"href":"https:\/\/ekosspiritus.hr\/index.php\/wp-json\/wp\/v2\/categories?post=823"},{"taxonomy":"post_tag","embeddable":true,"href":"https:\/\/ekosspiritus.hr\/index.php\/wp-json\/wp\/v2\/tags?post=823"}],"curies":[{"name":"wp","href":"https:\/\/api.w.org\/{rel}","templated":true}]}}