{"id":827,"date":"2017-03-10T10:06:44","date_gmt":"2017-03-10T10:06:44","guid":{"rendered":"http:\/\/ekosspiritus.hr\/?p=827"},"modified":"2017-03-10T10:06:44","modified_gmt":"2017-03-10T10:06:44","slug":"najavljujemo-proslavu-sv-patrika","status":"publish","type":"post","link":"https:\/\/ekosspiritus.hr\/index.php\/2017\/03\/10\/najavljujemo-proslavu-sv-patrika\/","title":{"rendered":"NAJAVLJUJEMO Proslavu sv. Patrika"},"content":{"rendered":"<p>Dragi \u010dlanovi HPD-a Sv. Patrika i svi ostali \u0161tovatelji sveca za\u0161titnika na\u0161eg dru\u0161tva!<\/p>\n<p>17. o\u017eujka slavimo na\u0161eg za\u0161titnika, sveca koji je \u017eivio u 5. st. i pro\u017eivio nevjerojatan \u017eivot: kao mladi\u0107 je bio otet i prodan kao rob u Irsku, gdje je radio kao pastir. \u017dive\u0107i u prirodi otkriva Boga, molitvu i va\u017enost pokore. Bje\u017ei ku\u0107i u Britaniju gdje se odlu\u010duje za sve\u0107eni\u010dki \u017eivot, te se uz dosta protivljenja uspijeva vratiti u Irsku, zemlju svog obra\u0107enja, i tamo uz puno uspjeha radi na \u0161irenju kr\u0161\u0107anstva. Progla\u0161en je biskupom, borio se s keltskim poganskim vjerovanjima, a po legendi, protjerao je zmije i sve otrovne \u017eivotinje iz Irske.<\/p>\n<p>Danas se \u0161tuje diljem svijeta, a mi njegov dan \u017eelimo obilje\u017eiti onako radosno vjerni\u010dki.<\/p>\n<p>Pozivamo vas u petak, 17. o\u017eujka 2017., na misu u \u017eupnu crkvu sv. Anastazije u Samoboru, s po\u010detkom u 18:00 sati. U \u010dast ovoga sveca obucite ne\u0161to zelene boje, okitite se zelenim detaljima &#8211; po tome \u0107emo se prepoznati.<\/p>\n<p>Nakon mise oti\u0107i \u0107emo u planinarski dom &#8220;Cerinski vir&#8221; na ve\u010deru i dru\u017eenje. Iznenadite ostale sudionike i donesite za zajedni\u010dki stol neko zanimljivo pivo &#8211; orginalnost \u0107e se cijeniti. \ud83d\ude09 Tko \u017eeli, mo\u017ee ostati no\u0107iti na Cerini.<\/p>\n<p>Zbog organizacije ve\u010dere molimo da svoj dolazak najavite na mail: katarina.pucar@gmail.com<\/p>\n<p>Radosno vas o\u010dekujemo! Slobodno pozovite i prijatelje!<\/p>\n","protected":false},"excerpt":{"rendered":"<p>Dragi \u010dlanovi HPD-a Sv. Patrika i svi ostali \u0161tovatelji sveca za\u0161titnika na\u0161eg dru\u0161tva! 17. o\u017eujka slavimo na\u0161eg za\u0161titnika, sveca koji je \u017eivio u 5. st. i pro\u017eivio nevjerojatan \u017eivot: kao mladi\u0107 je<a class=\"moretag\" href=\"https:\/\/ekosspiritus.hr\/index.php\/2017\/03\/10\/najavljujemo-proslavu-sv-patrika\/\">Read More&#8230;<\/a><\/p>\n","protected":false},"author":2,"featured_media":828,"comment_status":"closed","ping_status":"open","sticky":false,"template":"","format":"standard","meta":{"footnotes":""},"categories":[22],"tags":[],"class_list":["post-827","post","type-post","status-publish","format-standard","has-post-thumbnail","hentry","category-cerina-najava"],"_links":{"self":[{"href":"https:\/\/ekosspiritus.hr\/index.php\/wp-json\/wp\/v2\/posts\/827","targetHints":{"allow":["GET"]}}],"collection":[{"href":"https:\/\/ekosspiritus.hr\/index.php\/wp-json\/wp\/v2\/posts"}],"about":[{"href":"https:\/\/ekosspiritus.hr\/index.php\/wp-json\/wp\/v2\/types\/post"}],"author":[{"embeddable":true,"href":"https:\/\/ekosspiritus.hr\/index.php\/wp-json\/wp\/v2\/users\/2"}],"replies":[{"embeddable":true,"href":"https:\/\/ekosspiritus.hr\/index.php\/wp-json\/wp\/v2\/comments?post=827"}],"version-history":[{"count":1,"href":"https:\/\/ekosspiritus.hr\/index.php\/wp-json\/wp\/v2\/posts\/827\/revisions"}],"predecessor-version":[{"id":829,"href":"https:\/\/ekosspiritus.hr\/index.php\/wp-json\/wp\/v2\/posts\/827\/revisions\/829"}],"wp:featuredmedia":[{"embeddable":true,"href":"https:\/\/ekosspiritus.hr\/index.php\/wp-json\/wp\/v2\/media\/828"}],"wp:attachment":[{"href":"https:\/\/ekosspiritus.hr\/index.php\/wp-json\/wp\/v2\/media?parent=827"}],"wp:term":[{"taxonomy":"category","embeddable":true,"href":"https:\/\/ekosspiritus.hr\/index.php\/wp-json\/wp\/v2\/categories?post=827"},{"taxonomy":"post_tag","embeddable":true,"href":"https:\/\/ekosspiritus.hr\/index.php\/wp-json\/wp\/v2\/tags?post=827"}],"curies":[{"name":"wp","href":"https:\/\/api.w.org\/{rel}","templated":true}]}}