{"id":831,"date":"2017-03-20T07:45:34","date_gmt":"2017-03-20T07:45:34","guid":{"rendered":"http:\/\/ekosspiritus.hr\/?p=831"},"modified":"2017-03-20T07:45:34","modified_gmt":"2017-03-20T07:45:34","slug":"najavljujemo-izlet-na-ivanscicu","status":"publish","type":"post","link":"https:\/\/ekosspiritus.hr\/index.php\/2017\/03\/20\/najavljujemo-izlet-na-ivanscicu\/","title":{"rendered":"NAJAVLJUJEMO: Izlet na Ivan\u0161\u010dicu"},"content":{"rendered":"<p>Dragi planinari, jeste li primjetili da je do\u0161lo prolje\u0107e?<\/p>\n<p>Da su dani sve du\u017ei, da nas sunce zove van iz ku\u0107e, u \u0161umu i na brdo, u dru\u017eenje s drugim ljudima?<\/p>\n<p>Do\u0111ite na izlet na Ivan\u0161\u010dicu!<\/p>\n<p>HPD Sv. Patrika i na\u0161 de\u017eurni vodi\u010d Velimir organizira izlet na Ivan\u0161\u010dicu 26. o\u017eujka 2017.<\/p>\n<p>Plan puta:<\/p>\n<p>POLAZAK: okupljanje u 7:15 sati na isto\u010dnom dijelu Zagreba. To\u010dnu lokaciju prijavljeni \u0107e dobiti od organizatora. U planu je prijevoz osobnim automobilima, pa prilikom prijave nazna\u010dite imate li auto i koliko ljudi mo\u017eete primiti u njega ili trebate li prijevoz.<br \/>\nIdemo autima do Beleca (sat vremena vo\u017enje), zatim slijedi uspon na vrh. Na vrhu je dom opskrbljen hranom i pi\u0107em: ovdje \u0107emo napraviti ve\u0107u pauzu za ru\u010dak i odmor .<br \/>\nPovratak istim pravcem, ali drugom stazom do Beleca.<br \/>\nUspon traje 2 &#8211; 3 sata &#8211; ovisi o tempu i veli\u010dinu grupe. Konfiguracija terena: \u0161uma (sli\u010dno kao da idete na Sljeme).<br \/>\nNedjeljna misa: prema dogovoru &#8211; mo\u017eemo svi zajedno negdje uz put ili svatko posebno nave\u010der kad se vratimo.<\/p>\n<p>Preporu\u010dena oprema:<br \/>\n\u2022 Gojzerice<br \/>\n\u2022 Gama\u0161e (zbog eventualnog blata)<br \/>\n\u2022 Voda i hrana<br \/>\n\u2022 Kabanica (u slu\u010daju ki\u0161e)<br \/>\n\u2022 Rezervna odje\u0107a za presvu\u0107i se (majica s kratkim rukavima ili potko\u0161ulja, \u010darape)<\/p>\n<p>kontakt: Velimir \u0160venda<br \/>\nvelimir.svenda@pmx.hr<br \/>\n098\/956 4750<\/p>\n<p>O\u010dekujemo va\u0161e prijave &#8211; najbolje odmah sada! \ud83d\ude42<\/p>\n","protected":false},"excerpt":{"rendered":"<p>Dragi planinari, jeste li primjetili da je do\u0161lo prolje\u0107e? Da su dani sve du\u017ei, da nas sunce zove van iz ku\u0107e, u \u0161umu i na brdo, u dru\u017eenje s drugim ljudima? Do\u0111ite<a class=\"moretag\" href=\"https:\/\/ekosspiritus.hr\/index.php\/2017\/03\/20\/najavljujemo-izlet-na-ivanscicu\/\">Read More&#8230;<\/a><\/p>\n","protected":false},"author":2,"featured_media":832,"comment_status":"closed","ping_status":"open","sticky":false,"template":"","format":"standard","meta":{"footnotes":""},"categories":[17],"tags":[],"class_list":["post-831","post","type-post","status-publish","format-standard","has-post-thumbnail","hentry","category-izleti-najava"],"_links":{"self":[{"href":"https:\/\/ekosspiritus.hr\/index.php\/wp-json\/wp\/v2\/posts\/831","targetHints":{"allow":["GET"]}}],"collection":[{"href":"https:\/\/ekosspiritus.hr\/index.php\/wp-json\/wp\/v2\/posts"}],"about":[{"href":"https:\/\/ekosspiritus.hr\/index.php\/wp-json\/wp\/v2\/types\/post"}],"author":[{"embeddable":true,"href":"https:\/\/ekosspiritus.hr\/index.php\/wp-json\/wp\/v2\/users\/2"}],"replies":[{"embeddable":true,"href":"https:\/\/ekosspiritus.hr\/index.php\/wp-json\/wp\/v2\/comments?post=831"}],"version-history":[{"count":1,"href":"https:\/\/ekosspiritus.hr\/index.php\/wp-json\/wp\/v2\/posts\/831\/revisions"}],"predecessor-version":[{"id":833,"href":"https:\/\/ekosspiritus.hr\/index.php\/wp-json\/wp\/v2\/posts\/831\/revisions\/833"}],"wp:featuredmedia":[{"embeddable":true,"href":"https:\/\/ekosspiritus.hr\/index.php\/wp-json\/wp\/v2\/media\/832"}],"wp:attachment":[{"href":"https:\/\/ekosspiritus.hr\/index.php\/wp-json\/wp\/v2\/media?parent=831"}],"wp:term":[{"taxonomy":"category","embeddable":true,"href":"https:\/\/ekosspiritus.hr\/index.php\/wp-json\/wp\/v2\/categories?post=831"},{"taxonomy":"post_tag","embeddable":true,"href":"https:\/\/ekosspiritus.hr\/index.php\/wp-json\/wp\/v2\/tags?post=831"}],"curies":[{"name":"wp","href":"https:\/\/api.w.org\/{rel}","templated":true}]}}