{"id":847,"date":"2017-04-04T08:48:47","date_gmt":"2017-04-04T08:48:47","guid":{"rendered":"http:\/\/ekosspiritus.hr\/?p=847"},"modified":"2017-04-18T10:09:16","modified_gmt":"2017-04-18T10:09:16","slug":"najavljujemo-izlet-na-ciacriju","status":"publish","type":"post","link":"https:\/\/ekosspiritus.hr\/index.php\/2017\/04\/04\/najavljujemo-izlet-na-ciacriju\/","title":{"rendered":"NAJAVLJUJEMO: Izlet na \u010cia\u0107riju"},"content":{"rendered":"<p>Dvodnevni izlet na \u0106i\u0107ariju 22.i 23.04.2017.<\/p>\n<p>Dragi planinari, mjese\u010dni izlet HPD sv. Patrika za travanj je na \u0106i\u0107ariju.<br \/>\nOkvirni plan:<br \/>\nPolazak iz Zagreba u 7 h. Putujemo osobnim automobilima te vas molimo da kod prijave naglasite da li posjedujete auto i mo\u017eete s njime na predvi\u0111eni put te koliko osoba mo\u017eete povesti.<br \/>\nPutujemo do istarskog mjesta Brest (oko 2h 40 min vo\u017enje) od kuda po\u010dinje na\u0161 pohod.<br \/>\nU planu je obi\u0107i \u010detiri najva\u017enija \u0107i\u0107arijska vrha: \u017dbevnicu, Orljak, \u017dupanj vrh i Veliki Planik (sve \u0107i\u0107arijske HPO kontrolne to\u010dke). Zahtjevnost K2T1 (lagano).<br \/>\nNo\u0107it \u0107emo u pl. ku\u0107i Korita gdje \u0107emo imati i dva kuhana obroka (kasni ru\u010dak u subotu i ru\u010dak u nedjelju). Do ku\u0107e ima 45 min hoda od parkirali\u0161ta sa svom opremom na le\u0111ima.<br \/>\nPotrebna oprema:<br \/>\n\uf0d8 Va\u017ee\u0107a planinarska iskaznica i ostali osobni dokumenti<br \/>\n\uf0d8 Gojzerice<br \/>\n\uf0d8 \u0160tapovi (preporuka)<br \/>\n\uf0d8 Rezervna odje\u0107a i \u010dista obu\u0107a za boravak u pl. ku\u0107i<br \/>\n\uf0d8 Vre\u0107a za spavanje (po \u017eelji jastu\u010dnica, plahta&#8230;)<br \/>\n\uf0d8 Pribor za osobnu higijenu, toaletni papir, maramice<br \/>\n\uf0d8 Hrana i voda (dogovorit \u0107emo kuhani ru\u010dak za subotu i nedjelju u pl. ku\u0107i)<br \/>\n\uf0d8 Za\u0161tita od ki\u0161e i\/ili sunca<br \/>\n\uf0d8 Baterijska svjetiljka<\/p>\n<p>Sva pitanja i prijave kod Tomislava:<\/p>\n<p>tomislav.martinelli@udruga-marjan.hr ili na +385913736050<br \/>\nPrijaviti se treba najkasnije do utorka 18.04. i pologom od 50 kn potvrditi prijavu.<\/p>\n","protected":false},"excerpt":{"rendered":"<p>Dvodnevni izlet na \u0106i\u0107ariju 22.i 23.04.2017. Dragi planinari, mjese\u010dni izlet HPD sv. Patrika za travanj je na \u0106i\u0107ariju. Okvirni plan: Polazak iz Zagreba u 7 h. Putujemo osobnim automobilima te vas molimo<a class=\"moretag\" href=\"https:\/\/ekosspiritus.hr\/index.php\/2017\/04\/04\/najavljujemo-izlet-na-ciacriju\/\">Read More&#8230;<\/a><\/p>\n","protected":false},"author":2,"featured_media":848,"comment_status":"closed","ping_status":"open","sticky":false,"template":"","format":"standard","meta":{"footnotes":""},"categories":[17],"tags":[],"class_list":["post-847","post","type-post","status-publish","format-standard","has-post-thumbnail","hentry","category-izleti-najava"],"_links":{"self":[{"href":"https:\/\/ekosspiritus.hr\/index.php\/wp-json\/wp\/v2\/posts\/847","targetHints":{"allow":["GET"]}}],"collection":[{"href":"https:\/\/ekosspiritus.hr\/index.php\/wp-json\/wp\/v2\/posts"}],"about":[{"href":"https:\/\/ekosspiritus.hr\/index.php\/wp-json\/wp\/v2\/types\/post"}],"author":[{"embeddable":true,"href":"https:\/\/ekosspiritus.hr\/index.php\/wp-json\/wp\/v2\/users\/2"}],"replies":[{"embeddable":true,"href":"https:\/\/ekosspiritus.hr\/index.php\/wp-json\/wp\/v2\/comments?post=847"}],"version-history":[{"count":1,"href":"https:\/\/ekosspiritus.hr\/index.php\/wp-json\/wp\/v2\/posts\/847\/revisions"}],"predecessor-version":[{"id":849,"href":"https:\/\/ekosspiritus.hr\/index.php\/wp-json\/wp\/v2\/posts\/847\/revisions\/849"}],"wp:featuredmedia":[{"embeddable":true,"href":"https:\/\/ekosspiritus.hr\/index.php\/wp-json\/wp\/v2\/media\/848"}],"wp:attachment":[{"href":"https:\/\/ekosspiritus.hr\/index.php\/wp-json\/wp\/v2\/media?parent=847"}],"wp:term":[{"taxonomy":"category","embeddable":true,"href":"https:\/\/ekosspiritus.hr\/index.php\/wp-json\/wp\/v2\/categories?post=847"},{"taxonomy":"post_tag","embeddable":true,"href":"https:\/\/ekosspiritus.hr\/index.php\/wp-json\/wp\/v2\/tags?post=847"}],"curies":[{"name":"wp","href":"https:\/\/api.w.org\/{rel}","templated":true}]}}