{"id":883,"date":"2017-04-23T17:10:03","date_gmt":"2017-04-23T17:10:03","guid":{"rendered":"http:\/\/ekosspiritus.hr\/?p=883"},"modified":"2017-04-23T17:10:03","modified_gmt":"2017-04-23T17:10:03","slug":"dogodilo-se-slavlje-na-cerini","status":"publish","type":"post","link":"https:\/\/ekosspiritus.hr\/index.php\/2017\/04\/23\/dogodilo-se-slavlje-na-cerini\/","title":{"rendered":"DOGODILO SE: Slavlje na Cerini"},"content":{"rendered":"<p>Mje\u0161tani Cerine, njihovi prijatelji i \u010dlanovi udruge Ekosspiritus i Dru\u0161tva svetog Izidora Seljaka proslavili su u predve\u010derje druge vazmene nedjelje i blagdana svetog Jurja i svetog Izidora Seljaka, dvojicu svetaca koji se \u0161tuju na Cerini. Svetom Jurju u \u010dast podignuto je raspelo na Cerini 1976. godine slogom tada\u0161njih \u201emeja\u0161a\u201c koji su na Cerini imali svoje vinograde i polja. Sveti Izidor slavi se od osnivanja istoimenog Dru\u0161tva koje je izabralo ba\u0161 njega za svog za\u0161titnika. Misu je predvodio doma\u0107i \u017eupnik , vl\u010d. Darko Banfi\u0107 koji rado tijekom godine slavi mise uz sve manje kapele i kri\u017eeve \u017eupe Duha Svetoga u Nor\u0161i\u0107 Selu. \u017dupnik Darko, potaknut biblijskim tekstovima, u svojoj propovjedi naglasio je va\u017enost zajedni\u0161tva i vjere u svakodnevnom \u017eivotu. Svi prisutni, njih \u010detrdesetak, zadr\u017eali su se nakon misnog slavlja uz zajedni\u010dki stol udruge Ekosspiritus u planinarskom domu Cerinski vir. Tako se je zajedni\u0161tvo euharistijskog stola produ\u017eilo na zajedni\u010dki stol koji je bio oboga\u0107en delicijama koje su prinijeli svi koji su stigli na Cerinu. \u010clanice Dru\u0161tva svetog Izidora Seljaka obukle su svoje u tradicijsku odje\u0107u i tako uzveli\u010dale slavlje na Cerini.<\/p>\n","protected":false},"excerpt":{"rendered":"<p>Mje\u0161tani Cerine, njihovi prijatelji i \u010dlanovi udruge Ekosspiritus i Dru\u0161tva svetog Izidora Seljaka proslavili su u predve\u010derje druge vazmene nedjelje i blagdana svetog Jurja i svetog Izidora Seljaka, dvojicu svetaca koji se<a class=\"moretag\" href=\"https:\/\/ekosspiritus.hr\/index.php\/2017\/04\/23\/dogodilo-se-slavlje-na-cerini\/\">Read More&#8230;<\/a><\/p>\n","protected":false},"author":2,"featured_media":884,"comment_status":"closed","ping_status":"open","sticky":false,"template":"","format":"standard","meta":{"footnotes":""},"categories":[23],"tags":[],"class_list":["post-883","post","type-post","status-publish","format-standard","has-post-thumbnail","hentry","category-cerina-clanak"],"_links":{"self":[{"href":"https:\/\/ekosspiritus.hr\/index.php\/wp-json\/wp\/v2\/posts\/883","targetHints":{"allow":["GET"]}}],"collection":[{"href":"https:\/\/ekosspiritus.hr\/index.php\/wp-json\/wp\/v2\/posts"}],"about":[{"href":"https:\/\/ekosspiritus.hr\/index.php\/wp-json\/wp\/v2\/types\/post"}],"author":[{"embeddable":true,"href":"https:\/\/ekosspiritus.hr\/index.php\/wp-json\/wp\/v2\/users\/2"}],"replies":[{"embeddable":true,"href":"https:\/\/ekosspiritus.hr\/index.php\/wp-json\/wp\/v2\/comments?post=883"}],"version-history":[{"count":1,"href":"https:\/\/ekosspiritus.hr\/index.php\/wp-json\/wp\/v2\/posts\/883\/revisions"}],"predecessor-version":[{"id":885,"href":"https:\/\/ekosspiritus.hr\/index.php\/wp-json\/wp\/v2\/posts\/883\/revisions\/885"}],"wp:featuredmedia":[{"embeddable":true,"href":"https:\/\/ekosspiritus.hr\/index.php\/wp-json\/wp\/v2\/media\/884"}],"wp:attachment":[{"href":"https:\/\/ekosspiritus.hr\/index.php\/wp-json\/wp\/v2\/media?parent=883"}],"wp:term":[{"taxonomy":"category","embeddable":true,"href":"https:\/\/ekosspiritus.hr\/index.php\/wp-json\/wp\/v2\/categories?post=883"},{"taxonomy":"post_tag","embeddable":true,"href":"https:\/\/ekosspiritus.hr\/index.php\/wp-json\/wp\/v2\/tags?post=883"}],"curies":[{"name":"wp","href":"https:\/\/api.w.org\/{rel}","templated":true}]}}