{"id":886,"date":"2017-04-24T13:37:27","date_gmt":"2017-04-24T13:37:27","guid":{"rendered":"http:\/\/ekosspiritus.hr\/?p=886"},"modified":"2017-04-24T13:49:17","modified_gmt":"2017-04-24T13:49:17","slug":"dogodilo-se-izlet-na-cicariju","status":"publish","type":"post","link":"https:\/\/ekosspiritus.hr\/index.php\/2017\/04\/24\/dogodilo-se-izlet-na-cicariju\/","title":{"rendered":"DOGODILO SE: Izlet na \u0106i\u0107ariju"},"content":{"rendered":"<p>Bio je to jedan lijepi vru\u0107e \u2013 hladni vikend izlet. Ili nam je bilo vru\u0107e (u autu, u planinarskom domu, prilikom uspona) ili hladno (u hladu, na vjetru, dok smo se grudali). A \u0161to dobijemo kada spojimo vru\u0107e i hladno? Dobijemo toplo! I to je prava rije\u010d. Dva dana na \u0106i\u0107ariji, 22. i 23. travnja 2017. HPD Sv. Patrik, 16 planinara i de\u017eurni vodi\u010d mjeseca Tomislav, uz asistenciju Ive = topli osje\u0107aj oko sr\u010deka, upoznavanje Domovine i stvaranje novih prijateljstava.<br \/>\n\u0106i\u010dariju smo upoznavali sljede\u0107im redosljedom:<br \/>\nNakon nala\u017eenja na\u0161a \u010detiri auta (tri voza\u010da i jedna voza\u010dica) na Vratima Jadrana, te panoramske vo\u017enje Istrom (znate da bi vam u turisti\u010dkim agencijama to dodatno naplatiti, a mi dajemo besplatno \ud83d\ude09 ) prvi uspon bio je na \u017dbevnicu (1014 m n\/v). Lagana \u0161etnja za zagrijavanje do vrha od trave i livada i spontani susret s lokalnim planinarem\/vodi\u010dem koji nas je smjestio u prostor i imenovao nam sve vrhove koji su se vidjeli oko nas.<br \/>\nSpu\u0161tamo se i vozimo do sljede\u0107eg odredi\u0161ta \u2013 penjemo se na Orljak (1106 m n\/v). Na vrhu visoki kri\u017e crvene boje i vrijeme za ru\u010dak. Oni nje\u017enije ko\u017ee su ve\u0107 po\u010deli poprimati po licu i razne nijanse crvene boje od vjetra i sunca. Susreli smo i bl. Miroslava Bule\u0161i\u0107a. Ipak smo se muvali po njegovom kraju. \ud83d\ude09<br \/>\nPonovno malo vo\u017enje i onda napokon ostavljamo aute i penjemo se prema planinarskom domu \u201eKorita\u201c (1010 m n\/m) gdje \u0107emo no\u0107iti. Tek drugi dan, prilikom spu\u0161tanja, smo shvatili da smo te\u017eim putem (koji malo izgleda kao one stepenice za Mordor) i\u0161li gore, a lak\u0161im dolje. Ali planinari to tako vole. \ud83d\ude09<br \/>\nNakon smje\u0161taja u dom i obnavljanja zaliha B vitamina, uzimamo i tre\u0107i vrh za taj prvi dan, idemo na \u017dupanj vrh (1138 m n\/v). Kru\u017ena staza \u2013 kroz \u0161umu se penje na njega, a onda preko livada spu\u0161ta nazad. U domu nam za to vrijeme bra\u010dni par domara priprema toplu ve\u010deru, pa i neko hladno pi\u0107e, pa neki razgovori i igre dvije istine\/jedna la\u017e i no\u0107enje u skupnom le\u017ei\u0161\u0107u&#8230; Ne\u0107emo re\u0107i tko je hrkao, a tko spavao na klupi u blagovaoni&#8230; Ako vas ba\u0161 jako zanima, drugi put krenite s nama! \uf04a<br \/>\nNa\u0161 vodi\u010d nas je probudio ve\u0107 u sedam sati, pa smo kavu pili onoliko brzo koliko su je uspijevali skuhati i smo ve\u0107 u osam bili na putu za \u010detvrti vrh, najvi\u0161i vrh \u0106i\u0107arije: Veliki Planik (1272 m n\/v). Do\u0111e\u0161 gore i stvarno povjeruje\u0161 da ti je svijet pod nogama! Veselo smo se spu\u0161tali dolje jer je na domu \u010dekao ro\u0161tilj! Va\u017eno su nam najavili da \u0107e nam sve meso koje ne pojedeno spakirati za put.Odat \u0107emo vam tajnu: nisu imali \u0161to pakirati. \ud83d\ude09<br \/>\nOdmah prvi dan smo shvatili da smo se po boji planinarske odje\u0107e podijelili u dva tima: rozi i zeleni. Ali to je bila jedina podjela koja se desila taj vikend, a nekako je s presvla\u010denjima i ona sve manje upadala u o\u010di. Lijepi vikend. Topli vikend. Vidimo se uskoro na nekom novom pohodu&#8230;<\/p>\n","protected":false},"excerpt":{"rendered":"<p>Bio je to jedan lijepi vru\u0107e \u2013 hladni vikend izlet. Ili nam je bilo vru\u0107e (u autu, u planinarskom domu, prilikom uspona) ili hladno (u hladu, na vjetru, dok smo se grudali).<a class=\"moretag\" href=\"https:\/\/ekosspiritus.hr\/index.php\/2017\/04\/24\/dogodilo-se-izlet-na-cicariju\/\">Read More&#8230;<\/a><\/p>\n","protected":false},"author":2,"featured_media":887,"comment_status":"closed","ping_status":"open","sticky":false,"template":"","format":"standard","meta":{"footnotes":""},"categories":[16],"tags":[],"class_list":["post-886","post","type-post","status-publish","format-standard","has-post-thumbnail","hentry","category-izleti-clanak"],"_links":{"self":[{"href":"https:\/\/ekosspiritus.hr\/index.php\/wp-json\/wp\/v2\/posts\/886","targetHints":{"allow":["GET"]}}],"collection":[{"href":"https:\/\/ekosspiritus.hr\/index.php\/wp-json\/wp\/v2\/posts"}],"about":[{"href":"https:\/\/ekosspiritus.hr\/index.php\/wp-json\/wp\/v2\/types\/post"}],"author":[{"embeddable":true,"href":"https:\/\/ekosspiritus.hr\/index.php\/wp-json\/wp\/v2\/users\/2"}],"replies":[{"embeddable":true,"href":"https:\/\/ekosspiritus.hr\/index.php\/wp-json\/wp\/v2\/comments?post=886"}],"version-history":[{"count":2,"href":"https:\/\/ekosspiritus.hr\/index.php\/wp-json\/wp\/v2\/posts\/886\/revisions"}],"predecessor-version":[{"id":889,"href":"https:\/\/ekosspiritus.hr\/index.php\/wp-json\/wp\/v2\/posts\/886\/revisions\/889"}],"wp:featuredmedia":[{"embeddable":true,"href":"https:\/\/ekosspiritus.hr\/index.php\/wp-json\/wp\/v2\/media\/887"}],"wp:attachment":[{"href":"https:\/\/ekosspiritus.hr\/index.php\/wp-json\/wp\/v2\/media?parent=886"}],"wp:term":[{"taxonomy":"category","embeddable":true,"href":"https:\/\/ekosspiritus.hr\/index.php\/wp-json\/wp\/v2\/categories?post=886"},{"taxonomy":"post_tag","embeddable":true,"href":"https:\/\/ekosspiritus.hr\/index.php\/wp-json\/wp\/v2\/tags?post=886"}],"curies":[{"name":"wp","href":"https:\/\/api.w.org\/{rel}","templated":true}]}}