{"id":907,"date":"2017-05-17T19:42:38","date_gmt":"2017-05-17T19:42:38","guid":{"rendered":"http:\/\/ekosspiritus.hr\/?p=907"},"modified":"2017-07-23T14:53:19","modified_gmt":"2017-07-23T14:53:19","slug":"najavljujemo-ljetni-kamp-na-velebitu","status":"publish","type":"post","link":"https:\/\/ekosspiritus.hr\/index.php\/2017\/05\/17\/najavljujemo-ljetni-kamp-na-velebitu\/","title":{"rendered":"NAJAVLJUJEMO: Ljetni kamp na Velebitu"},"content":{"rendered":"<p>Dragi \u010dlanovi HPD Sv. Patrika!<\/p>\n<p>Planina nas jo\u0161 jednom zove u svoje okrilje da bismo je strpljivo upoznavali, uvijek iznova. Ljetni kamp ove godine odr\u017eat \u0107e se od nedjelje, 09. srpnja do subote, 15. srpnja 2017. To je obi\u010daj na\u0161e udruge ve\u0107 dugi niz godina.<br \/>\nSmjestiti \u0107emo se u poznatoj dolini Velikog Loma (oko 1200 m n\/v): pod \u0161atorima, u skromnim uvjetima, kraj logorske vatre, u ti\u0161ini koju nosi planina. Na\u0161e zajedni\u0161tvo samo \u0107e produbiti tu ljepotu. Posjetit \u0107emo najljep\u0161e vrhunce Sjevernog Velebita, vidjeti svemo\u0107 Bo\u017eju na vrhovima i kukovima. Nau\u017eiti se pogleda na more i otoke, ali i pogleda u dubine svog srca.<br \/>\nUz planinarenje na\u0161 \u0107e susret imati i duhovni sadr\u017eaj koji \u0107e pripremiti na\u0161i vjerou\u010ditelji, a gotovo sigurno \u0107e s nama biti i sve\u0107enik, pa \u0107emo imati i misu svaki dan.<\/p>\n<p>OKVIRNI PLAN TABORA<\/p>\n<p>nedjelja, 09. srpnja<\/p>\n<p>Polazak je iz Zagreba. Do Krasnog nam treba cca 2 h vo\u017enje te \u0107emo vrijeme polaska prilagoditi svetoj misi u \u017eupnoj crkvi sv. Antuna Padovanskog koja po\u010dinje u 10h. Prijevoz ovisi o broju prijavljenih, ali obi\u010dno je osobnim automobilima, pa prilikom prijava napomenite imate li automobil kojim mo\u017eete voziti ili trebate prijevoz \u2013 tro\u0161kovi goriva i cestarina se pla\u0107a zajedni\u010dki, u dogovoru s voza\u010dem i nije uklju\u010deno u cijenu.<br \/>\nSlijedi vo\u017enja do Velikog Loma. Nakon dolaska \u0107e se organizirati tabor, podi\u0107i \u0161atori i smjestiti stvari uz me\u0111usobno upoznavanje sudionika, mjesta na kojem \u0107emo boraviti i ku\u0107nog reda taborovanja.<\/p>\n<p>ponedjeljak, 10. srpnja \u2013 petak, 14. srpnja<\/p>\n<p>Kamp je organiziran tako da nakon jutarnje higijene, molitve i doru\u010dka, slijedi uspon na neki od okolnih atraktivnih vrhunaca koji \u010dine NP ili PP Sjeverni Velebit uz vodstvo iskusnog vodi\u010da \u2013 ovisno o vremenskim uvjetima. Ru\u010dak \u0107e biti na putu, od suhe hrane koju \u0107ete dobiti svako jutro. Ponesite jednokratne plasti\u010dne vre\u0107ice u koje mo\u017eete staviti kruh, povr\u0107e i sl., te plasti\u010dne boce ili \u010duturice u kojima \u0107ete nositi teku\u0107inu za hod. Nakon povratka u kamp bit \u0107e topla kuhana ve\u010dera, a zatim dru\u017eenje uz logorsku vatru.<\/p>\n<p>subota, 15. srpnja<\/p>\n<p>Nakon doru\u010dka slijedi raspremanje tabora, zavr\u0161ni osvrt na zajedni\u010dki provedeno vrijeme i povratak prema Zagrebu.<br \/>\n\u0160TO TREBA PONIJETI?<\/p>\n<p>\u27a2 \u0160ator (dio \u0161atora posjeduje dru\u0161tvo, ali treba najaviti \u017eelju njihovog kori\u0161tenja prilikom prijava &#8211; iznajmljivanje se pla\u0107a posebno)<br \/>\n\u27a2 Vre\u0107u za spavanje, podmeta\u010d, deku<br \/>\n\u27a2 Osobnu odje\u0107u i obu\u0107u za tjedan dana (ra\u010dunati na tople dane, ali i izrazito hladne no\u0107i)<br \/>\n\u27a2 Gojzerice za hod<br \/>\n\u27a2 Manji ruksak i boce za vodu za svakodnevno planinarenje<br \/>\n\u27a2 Za\u0161titu od sunca i\/ili ki\u0161e<br \/>\n\u27a2 Pribor za osobnu higijenu; baterijsku lampu s rezervnim baterijama<br \/>\n\u27a2 Osobne dokumente<\/p>\n<p>INFORMACIJE I PRIJAVE<\/p>\n<p>Prijave se primaju do najkasnije 01. srpnja.<br \/>\nPrijaviti se mo\u017eete Tomislavu, kao i dobiti sve potrebne informacije na:<\/p>\n<p>091\/373-6050 ili tomislav.martinelli@udruga-marjan.hr<\/p>\n<p>U osnovnu cijenu je uklju\u010den cjelodnevni boravak na podru\u010dju nacionalnog parka (dvije ulaznice) od nedjelje do subote, tri obroka svaki dan (od \u010dega najmanje jedan kuhani \u2013 topli obrok), iskusni vodi\u010d po planini i svi tro\u0161kovi organizacije.<\/p>\n<p>Posebno se pla\u0107a prijevoz \u2013 u dogovoru s voza\u010dem, te po potrebi najam \u0161atora.<\/p>\n","protected":false},"excerpt":{"rendered":"<p>Dragi \u010dlanovi HPD Sv. Patrika! Planina nas jo\u0161 jednom zove u svoje okrilje da bismo je strpljivo upoznavali, uvijek iznova. Ljetni kamp ove godine odr\u017eat \u0107e se od nedjelje, 09. srpnja do<a class=\"moretag\" href=\"https:\/\/ekosspiritus.hr\/index.php\/2017\/05\/17\/najavljujemo-ljetni-kamp-na-velebitu\/\">Read More&#8230;<\/a><\/p>\n","protected":false},"author":2,"featured_media":908,"comment_status":"closed","ping_status":"open","sticky":false,"template":"","format":"standard","meta":{"footnotes":""},"categories":[15],"tags":[],"class_list":["post-907","post","type-post","status-publish","format-standard","has-post-thumbnail","hentry","category-lkamp-najava"],"_links":{"self":[{"href":"https:\/\/ekosspiritus.hr\/index.php\/wp-json\/wp\/v2\/posts\/907","targetHints":{"allow":["GET"]}}],"collection":[{"href":"https:\/\/ekosspiritus.hr\/index.php\/wp-json\/wp\/v2\/posts"}],"about":[{"href":"https:\/\/ekosspiritus.hr\/index.php\/wp-json\/wp\/v2\/types\/post"}],"author":[{"embeddable":true,"href":"https:\/\/ekosspiritus.hr\/index.php\/wp-json\/wp\/v2\/users\/2"}],"replies":[{"embeddable":true,"href":"https:\/\/ekosspiritus.hr\/index.php\/wp-json\/wp\/v2\/comments?post=907"}],"version-history":[{"count":1,"href":"https:\/\/ekosspiritus.hr\/index.php\/wp-json\/wp\/v2\/posts\/907\/revisions"}],"predecessor-version":[{"id":909,"href":"https:\/\/ekosspiritus.hr\/index.php\/wp-json\/wp\/v2\/posts\/907\/revisions\/909"}],"wp:featuredmedia":[{"embeddable":true,"href":"https:\/\/ekosspiritus.hr\/index.php\/wp-json\/wp\/v2\/media\/908"}],"wp:attachment":[{"href":"https:\/\/ekosspiritus.hr\/index.php\/wp-json\/wp\/v2\/media?parent=907"}],"wp:term":[{"taxonomy":"category","embeddable":true,"href":"https:\/\/ekosspiritus.hr\/index.php\/wp-json\/wp\/v2\/categories?post=907"},{"taxonomy":"post_tag","embeddable":true,"href":"https:\/\/ekosspiritus.hr\/index.php\/wp-json\/wp\/v2\/tags?post=907"}],"curies":[{"name":"wp","href":"https:\/\/api.w.org\/{rel}","templated":true}]}}