{"id":910,"date":"2017-05-23T19:02:21","date_gmt":"2017-05-23T19:02:21","guid":{"rendered":"http:\/\/ekosspiritus.hr\/?p=910"},"modified":"2017-05-23T19:02:21","modified_gmt":"2017-05-23T19:02:21","slug":"kraljici-hrvata-odani","status":"publish","type":"post","link":"https:\/\/ekosspiritus.hr\/index.php\/2017\/05\/23\/kraljici-hrvata-odani\/","title":{"rendered":"Kraljici Hrvata odani"},"content":{"rendered":"<p>Tre\u0107u nedjelju u svibnju, tradicionalno se na Pala\u010dniku, uz pil Majke Bo\u017eje, Kraljice Hrvata, okupe hodo\u010dasnici iz svih strana, planinari , vikenda\u0161i i doma\u0107i mje\u0161tani koji obra\u0111uju okolne vinograde. Tako je to obi\u010daj od 1933. godine kad je Dru\u0161tvo katoli\u010dkih mu\u017eeva podiglo Pil Majke Bo\u017eje.<br \/>\nUpravo su na pro\u0161tenje uputili se i \u010dlanovi Dru\u0161tva svetog Izidora Seljaka i pridru\u017eili se ve\u0107em broju pristiglih vjernika. Ovogodi\u0161nje pro\u0161tenje zapo\u010delo je ulaznom procesijom koju su na samom vrhu Pala\u010dnika formirali bratimi Bratov\u0161tine Kraljice Hrvata te stigli me\u0111u okupljene vjernike koji su ih do\u010dekali uz sam Pil. Sve\u010danu misu predvodio je doma\u0107i \u017eupnik, vl\u010d. Darko Banfi\u0107 potaknuv\u0161i vjerni\u010dko mno\u0161tvo na \u010duvanje vjerskih obilje\u017eja na na\u0161im bregima jer su to mjesta gdje svaki putnik Bogu mo\u017ee izre\u0107i molitvu i zahvalu. I upravo je vele\u010dasni Darko sve okupljene potaknuo na zahvalu za osobni \u017eivot. Na kraju mise promoviran je pokli\u010d Bratov\u0161tine Kraljice Hrvata koji glasi: \u201eVitezovi Bratov\u0161tine Kraljice Hrvata, za Kraljicu, spremni! Kraljici vjerni!\u201c<br \/>\nNa misi je pjevao zbor iz \u017eupe Rude, a u narodnim no\u0161njama sudjelovali su i \u010dlanovi Dru\u0161tva svetog Izidora Seljaka koji ve\u0107 sedmu godinu zaredom obilaze pro\u0161tenja obu\u010deni u tradicionalnu selja\u010dku no\u0161nju \u017eele\u0107i okupljene svojim primjerom potaknuti na \u010duvanje narodne no\u0161nje i kr\u0161\u0107anskih korijena.<br \/>\nDoma\u0107ini, \u010dlanovi Bratov\u0161tine Kraljice Hrvata i Bratov\u0161tine svetog Martina pripremili su nakon mise agape za sve prisutne koji se odr\u017eao na obli\u017enjoj livadi. Pjesma i veselje odzvanjali su Pala\u010dnikom sve do kasnih popodnevnih sati a i kasnije iz kleti i vikendica razasutih uokolo.<\/p>\n","protected":false},"excerpt":{"rendered":"<p>Tre\u0107u nedjelju u svibnju, tradicionalno se na Pala\u010dniku, uz pil Majke Bo\u017eje, Kraljice Hrvata, okupe hodo\u010dasnici iz svih strana, planinari , vikenda\u0161i i doma\u0107i mje\u0161tani koji obra\u0111uju okolne vinograde. Tako je to<a class=\"moretag\" href=\"https:\/\/ekosspiritus.hr\/index.php\/2017\/05\/23\/kraljici-hrvata-odani\/\">Read More&#8230;<\/a><\/p>\n","protected":false},"author":2,"featured_media":911,"comment_status":"closed","ping_status":"open","sticky":false,"template":"","format":"standard","meta":{"footnotes":""},"categories":[10],"tags":[],"class_list":["post-910","post","type-post","status-publish","format-standard","has-post-thumbnail","hentry","category-lsi-clanak"],"_links":{"self":[{"href":"https:\/\/ekosspiritus.hr\/index.php\/wp-json\/wp\/v2\/posts\/910","targetHints":{"allow":["GET"]}}],"collection":[{"href":"https:\/\/ekosspiritus.hr\/index.php\/wp-json\/wp\/v2\/posts"}],"about":[{"href":"https:\/\/ekosspiritus.hr\/index.php\/wp-json\/wp\/v2\/types\/post"}],"author":[{"embeddable":true,"href":"https:\/\/ekosspiritus.hr\/index.php\/wp-json\/wp\/v2\/users\/2"}],"replies":[{"embeddable":true,"href":"https:\/\/ekosspiritus.hr\/index.php\/wp-json\/wp\/v2\/comments?post=910"}],"version-history":[{"count":1,"href":"https:\/\/ekosspiritus.hr\/index.php\/wp-json\/wp\/v2\/posts\/910\/revisions"}],"predecessor-version":[{"id":912,"href":"https:\/\/ekosspiritus.hr\/index.php\/wp-json\/wp\/v2\/posts\/910\/revisions\/912"}],"wp:featuredmedia":[{"embeddable":true,"href":"https:\/\/ekosspiritus.hr\/index.php\/wp-json\/wp\/v2\/media\/911"}],"wp:attachment":[{"href":"https:\/\/ekosspiritus.hr\/index.php\/wp-json\/wp\/v2\/media?parent=910"}],"wp:term":[{"taxonomy":"category","embeddable":true,"href":"https:\/\/ekosspiritus.hr\/index.php\/wp-json\/wp\/v2\/categories?post=910"},{"taxonomy":"post_tag","embeddable":true,"href":"https:\/\/ekosspiritus.hr\/index.php\/wp-json\/wp\/v2\/tags?post=910"}],"curies":[{"name":"wp","href":"https:\/\/api.w.org\/{rel}","templated":true}]}}