{"id":914,"date":"2017-05-29T10:55:44","date_gmt":"2017-05-29T10:55:44","guid":{"rendered":"http:\/\/ekosspiritus.hr\/?p=914"},"modified":"2017-05-29T10:55:44","modified_gmt":"2017-05-29T10:55:44","slug":"dogodilo-se-izlet-na-paklenicu","status":"publish","type":"post","link":"https:\/\/ekosspiritus.hr\/index.php\/2017\/05\/29\/dogodilo-se-izlet-na-paklenicu\/","title":{"rendered":"DOGODILO SE: Izlet na Paklenicu"},"content":{"rendered":"<p>Hrvatsko planinarsko dru\u0161tvo sv. Patrika iz Samobora je u subotu, 27. svibnja 2017. odr\u017ealo svoj redoviti mjese\u010dni izlet. \u010clanovi i prijatelji su posjetili Nacionalni park Paklenica na Velebitu. Autobus u kojem se tra\u017eilo mjesto vi\u0161e su, osim planinara, popunila i djeca iz planinarske \u0161kole iz Jastrebarskog koju vodi Katarina, te iz Gornjograske gimnazije koju vodi Radovan, oboje vjerou\u010ditelji i planinari.<br \/>\nPrekrasan, sun\u010dan dan je ovaj, ne previ\u0161e zahtjevni planinarski izlet, pretvorio u nezaboravnu pustolovinu uz puno dru\u017eenja i smijeha, te u\u017eivanja u prirodnim ljepotama kanjona Velike Paklenice. Cijela staza prolazi uz prekrasni vodeni tok, prepun malenih jezeraca, vodopada i brzaca, a vjetri\u0107 koji je puhao cijelo vrijeme je osvje\u017eavao prilikom uspona. Izvori hladne, pitke vode bili su odli\u010dna prilika za obnoviti snage. Na planinarskom domu bila je stanka za odmor i ru\u010dak, a onda smo se jo\u0161 malo popeli do sela Rami\u0107a i Pari\u0107a, posljednje ostatke \u017eivota na ovom prostoru, koji je neko\u0107 bio redovito ljudsko stani\u0161te, a danas ga posje\u0107uju uglavnom planinari i izletnici. Svi koji su ovaj dan ulo\u017eili u posjet Velebitu time su sigurno obogatili svoje \u017eivotno iskustvo i mo\u017eda dobili \u017eelju uskoro mu se ponovno vratiti&#8230;<\/p>\n","protected":false},"excerpt":{"rendered":"<p>Hrvatsko planinarsko dru\u0161tvo sv. Patrika iz Samobora je u subotu, 27. svibnja 2017. odr\u017ealo svoj redoviti mjese\u010dni izlet. \u010clanovi i prijatelji su posjetili Nacionalni park Paklenica na Velebitu. Autobus u kojem se<a class=\"moretag\" href=\"https:\/\/ekosspiritus.hr\/index.php\/2017\/05\/29\/dogodilo-se-izlet-na-paklenicu\/\">Read More&#8230;<\/a><\/p>\n","protected":false},"author":2,"featured_media":915,"comment_status":"closed","ping_status":"open","sticky":false,"template":"","format":"standard","meta":{"footnotes":""},"categories":[16],"tags":[],"class_list":["post-914","post","type-post","status-publish","format-standard","has-post-thumbnail","hentry","category-izleti-clanak"],"_links":{"self":[{"href":"https:\/\/ekosspiritus.hr\/index.php\/wp-json\/wp\/v2\/posts\/914","targetHints":{"allow":["GET"]}}],"collection":[{"href":"https:\/\/ekosspiritus.hr\/index.php\/wp-json\/wp\/v2\/posts"}],"about":[{"href":"https:\/\/ekosspiritus.hr\/index.php\/wp-json\/wp\/v2\/types\/post"}],"author":[{"embeddable":true,"href":"https:\/\/ekosspiritus.hr\/index.php\/wp-json\/wp\/v2\/users\/2"}],"replies":[{"embeddable":true,"href":"https:\/\/ekosspiritus.hr\/index.php\/wp-json\/wp\/v2\/comments?post=914"}],"version-history":[{"count":1,"href":"https:\/\/ekosspiritus.hr\/index.php\/wp-json\/wp\/v2\/posts\/914\/revisions"}],"predecessor-version":[{"id":916,"href":"https:\/\/ekosspiritus.hr\/index.php\/wp-json\/wp\/v2\/posts\/914\/revisions\/916"}],"wp:featuredmedia":[{"embeddable":true,"href":"https:\/\/ekosspiritus.hr\/index.php\/wp-json\/wp\/v2\/media\/915"}],"wp:attachment":[{"href":"https:\/\/ekosspiritus.hr\/index.php\/wp-json\/wp\/v2\/media?parent=914"}],"wp:term":[{"taxonomy":"category","embeddable":true,"href":"https:\/\/ekosspiritus.hr\/index.php\/wp-json\/wp\/v2\/categories?post=914"},{"taxonomy":"post_tag","embeddable":true,"href":"https:\/\/ekosspiritus.hr\/index.php\/wp-json\/wp\/v2\/tags?post=914"}],"curies":[{"name":"wp","href":"https:\/\/api.w.org\/{rel}","templated":true}]}}