{"id":994,"date":"2017-10-17T09:10:23","date_gmt":"2017-10-17T09:10:23","guid":{"rendered":"http:\/\/ekosspiritus.hr\/?p=994"},"modified":"2017-10-17T09:10:23","modified_gmt":"2017-10-17T09:10:23","slug":"dogodilo-se-60-planinarski-krizni-put","status":"publish","type":"post","link":"https:\/\/ekosspiritus.hr\/index.php\/2017\/10\/17\/dogodilo-se-60-planinarski-krizni-put\/","title":{"rendered":"DOGODILO SE: 60. PLANINARSKI KRI\u017dNI PUT"},"content":{"rendered":"<p>Bio je to zaista vikend velikog jubileja. Osje\u0107alo se to u vremenu, prekrasna dva sun\u010dana dana babljeg ljeta. Osje\u0107alo se to u atmosferi, brojnim sudinicima koji su hodali davnih dana i sada se opet okupili ne bi li podijelili svoja sje\u0107anja, svoja iskustva iz vremena kada je planinarski kri\u017eni put rastao. Osje\u0107alo se to u velikom broju sve\u0107enika koji su nam se pridu\u017eili jo\u0161 jednom pokazuju\u0107i da je ovo pobo\u017enost koja je nastala iz Crkve i za Crkvu. Osje\u0107alo se to u milostima koje su svi sudionci primili, \u0161to nije neobi\u010dno, ali je ovaj put bilo ba\u0161 posebno: bili smo na jubilarnom 60. Planinarskom kri\u017enom putu. Bili smo, bili smo&#8230;<br \/>\nJubilej je pao u vikend 14. i 15. listopada 2017. godine. Mjesec dana prije samog pohoda skupina \u010dlanova HPD \u201eSv. Patrik\u201c pro\u0161la je orginalnu trasu prvoga pohoda, koja nije mogla biti i dionica hoda jubileja jer je broj hoda\u010da sada znatno ve\u0107i, jer se mora razmi\u0161ljati i o mjestima za odmor i no\u0107enje&#8230; Tako da smo krenuli iz okolice Bregane, iz mjesta Ko\u017elak gdje su nekada\u0161nji sudionici Planinarskog kri\u017enog puta svojim donacijama podigli kapelicu sv. Josipa. Kako nas je nadbiskup i pozvao, svoja pastoralna okupljanja usmjerujemo prema mjestima posve\u0107enima ovome svecu, za\u0161titniku Domovine. Okupilo se oko tristotinjak sudionika, predvo\u0111eni svojim animatorima, vi\u0161e vjeou\u010ditelja koji su doveli skupine iz \u0161kola u kojima rade, te \u010dak \u0161est sve\u0107enika. S nama je opet bio i p. Josef, benedktinac iz Austrije kojeg je ova pobo\u017enost vezala uz Hrvatsku, potaknula da u\u010di hrvatski jezik i da barem dva puta godi\u0161nje, u vikendima Planinarskog kri\u017enog puta posjeti Hrvatsku i dovede sa sobom svoju subra\u0107u i mlade iz okolice Be\u010da. Hodala je i redovnica iz reda Malih sestara koji redovito prate na\u0161e pohode \u2013 molitvom i hodom. Bilo je tamo djece, bili su roditelji, a bilo je i roditelja s djecom. Postala je ovo pobo\u017enost za sve. Jer slavimo jubilej. A na slavlje su uvijek svi dobro do\u0161li.<br \/>\nKolona je polako prolazila Samoborskim gorjem. Popnemo se na jedno brdo, pa spustimo u dolinu. Popnemo na drugo brdo, pa opet spustimo u dolinu. Bilo je puno penjanja ovaj vikend. Bile su bogate jesenske \u0161ume. Mno\u0161tvo kestena je putem prona\u0161lo svoje mjesto u d\u017eepovima i torbama hodo\u010dasnika. \u0160u\u0161kalo je li\u0161\u0107e pod na\u0161im nogama. Ljudi su se susretali i upoznavali. Pro\u0161li smo mjesta Otru\u0161evac, Vrhov\u010dak, Dubravu, Pala\u010dnik, \u010crnec&#8230; Ve\u0107 pomalo umorni oko \u0161est sati sti\u017eemo u mjesto Rude, gdje je bilo no\u0107enje. Do\u010dekuje nas doma\u0107i \u017eupnik Darko Banfi\u0107 i smje\u0161tamo se na no\u0107enje u sportsku dvoranu. Sa zalaskom sunca penjemo se prema toplim svjetlom osvijetljenom crkvom na brijegu. Sv. Barbara je tamo, vl\u010d. Duje Kurtovi\u0107 koji je predvodio ve\u010dernje euharistijsko slavlje, a i hodao je cijeli dan, je tamo. I Radovan je tamo. Sudionik prvoga planinarskog kri\u017enog puta i voditelj velike ve\u0107ine njih poslije prvoga. Ispri\u010dao nam je neke svoje uspomene. Neke detalje iz svih tih \u0161ezdeset pohoda koji su za njim i koji su ba\u0161 svi bili unikatni, posebni, sa brojim anegdotama: nekima smije\u0161nima, nekima koji su tada predstavljale velik problem, nekima nostalgi\u010dnima. I ponovio je \u0161to ve\u0107 du\u017ee vrijeme ponavlja: ova pobo\u017enost treba nove ljude u vodstvu, treba nove ideje i novu snagu. Ako vam je na srcu da se \u201eIdemoooo!\u201c kolona odr\u017ei, javite nam se.<br \/>\nU nedjelju ujutro kre\u0107emo prema Malom Lipovcu, pa se penjemo na Veliki Lipovec i do ru\u010dka sti\u017eemo na Cerinu. Prije samog dolaska do planinarskog doma okupljamo se kod najve\u0107eg slapa Samobosrkog gorja \u2013 svi sudionici se sla\u017eu ispred Cerinskog vira za zajedni\u010dku fotografiju na temu: \u201eI ja sam bio na jubilarnom 60. PKPu\u201c. Nije ih bilo lako sve slo\u017eiti. Pokrili smo svaku slobodnu povr\u0161inu u i oko potoka i slapa. Na\u0161i fotografi su se penjali po drve\u0107u i puzali po grmlju na strmini ne bi li dobili najbolji kadar. Zahvaljujemo im se svima na trudu. Njihovo umije\u0107e ve\u0107 mo\u017eete pregledavati na facebook stranici udruge. Kod planinarskog doma i duhovnog centra \u201eCerinski vir\u201c sve sudionike \u010deka topli gula\u0161 i juha koje su spremile na\u0161e kuharice Anica i Branka, a pomogli im Jo\u017eek, Vlado, Marija, Dubravka, \u017deljko, Bruno&#8230; Bilo je dosta za sve. Karlo je postao najpopularniji \u010dovjek u koloni \u2013 ne samo da je vozio popratno vozilo sa razglasom i instrumentima, nego je i vodio \u0161ank. Svi su voljeli vidjeti Karla.<br \/>\nNakon ru\u010dka okupljamo se kod kri\u017ea posve\u0107enog sv. Jurju na Cerini kako bi molili 10. postaju. Predsjednik udruge Ekosspiritus ispred upravnog tijela na\u0161em Radovanu poklanja knjigu \u201eSveta mjesta svijeta\u201c. Odabrali smo je \u010dvrsto uvjereni kako je svako mjesto koje je kroz ovih trideset godina obi\u0161la ova pobo\u017enost postalo sveto. I nadamo se da \u0107e ih biti jo\u0161 mnogo \u2013 ve\u0107 na prolje\u0107e kada odlazimo me\u0111u gradi\u0161\u0107anske hrvate. Koliko je ovo bio jubilej svih nas, toliko je ipak na poseban na\u010din bio i njegov.<br \/>\nNastavljamo se dalje penjati i spu\u0161tati: preko Slanog Dola i Gradi\u0161\u0107a sti\u017eemo u Samobor. Kod crkve Sv. Mihalja \u010dekaju nas sudionici koji su ovaj vikend hodali u organizaciji Planinarske bratov\u0161tine sv. Bernarda. Dvije kolone se spajaju. I biskup Mijo Gorski koji \u0107e predvoditi euharistiju je tamo. Sveop\u0107e zajedni\u0161tvo Crkve na djelu. Formiramo procesiju kako je to oduvijek bilo kada je Planinarski kri\u017eni put zavr\u0161avao u Samoboru, sa svije\u0107ama i zastavama i sve\u010danim odorama udruga&#8230; Crkva sv. Anastazije je dupkom puna. Okupilo se i dosta ljudi koji nisu hodali, ali su \u017eeljeli biti dio ovoga slavlja. Zahvaljujemo na onom \u0161to je bilo. Najavljujemo ono \u0161to \u0107e biti&#8230; Veliki skup svira\u010da jo\u0161 jednom daje sve od sebe. Tu je na\u0161a Tamara, koja je napisala i uglazbila himnu pohoda \u201eMir po\u010dinje osmjehom\u201c, prema geslu sv. Majke Terezije pod kojim smo hodali ova dva dana. Tu je i Maja i Josip i Nenad i drugi Josip&#8230; Mario koji je svirao ba\u0161 cijelo vrijeme u koloni je negdje blizu&#8230; Ve\u0107ina njih hoda ve\u0107 godinama, isto tra\u017ee i o\u010dekuju poja\u010danje&#8230; Do\u0111ite sa svojim instrumentima, ve\u0107 na prolje\u0107e u Gradi\u0161\u0107e.<br \/>\n\u017dupljani \u017eupe Samobor su nas po\u010dastili pred crkvom. Jo\u0161 jednom se okupio veliki krug ljudi spremnih da nakon dva dana napornog hoda ple\u0161u i pjevaju i slave Gospodina sa svim milostima koje nam daje. A kako volimo re\u0107i: sve najbolje je tek pred nama&#8230; Zahvaljujemo vam na prvih trideset godina i veselimo se novim pustolovinama.<\/p>\n","protected":false},"excerpt":{"rendered":"<p>Bio je to zaista vikend velikog jubileja. Osje\u0107alo se to u vremenu, prekrasna dva sun\u010dana dana babljeg ljeta. Osje\u0107alo se to u atmosferi, brojnim sudinicima koji su hodali davnih dana i sada<a class=\"moretag\" href=\"https:\/\/ekosspiritus.hr\/index.php\/2017\/10\/17\/dogodilo-se-60-planinarski-krizni-put\/\">Read More&#8230;<\/a><\/p>\n","protected":false},"author":2,"featured_media":995,"comment_status":"closed","ping_status":"open","sticky":false,"template":"","format":"standard","meta":{"footnotes":""},"categories":[18],"tags":[],"class_list":["post-994","post","type-post","status-publish","format-standard","has-post-thumbnail","hentry","category-pkp-clanak"],"_links":{"self":[{"href":"https:\/\/ekosspiritus.hr\/index.php\/wp-json\/wp\/v2\/posts\/994","targetHints":{"allow":["GET"]}}],"collection":[{"href":"https:\/\/ekosspiritus.hr\/index.php\/wp-json\/wp\/v2\/posts"}],"about":[{"href":"https:\/\/ekosspiritus.hr\/index.php\/wp-json\/wp\/v2\/types\/post"}],"author":[{"embeddable":true,"href":"https:\/\/ekosspiritus.hr\/index.php\/wp-json\/wp\/v2\/users\/2"}],"replies":[{"embeddable":true,"href":"https:\/\/ekosspiritus.hr\/index.php\/wp-json\/wp\/v2\/comments?post=994"}],"version-history":[{"count":1,"href":"https:\/\/ekosspiritus.hr\/index.php\/wp-json\/wp\/v2\/posts\/994\/revisions"}],"predecessor-version":[{"id":996,"href":"https:\/\/ekosspiritus.hr\/index.php\/wp-json\/wp\/v2\/posts\/994\/revisions\/996"}],"wp:featuredmedia":[{"embeddable":true,"href":"https:\/\/ekosspiritus.hr\/index.php\/wp-json\/wp\/v2\/media\/995"}],"wp:attachment":[{"href":"https:\/\/ekosspiritus.hr\/index.php\/wp-json\/wp\/v2\/media?parent=994"}],"wp:term":[{"taxonomy":"category","embeddable":true,"href":"https:\/\/ekosspiritus.hr\/index.php\/wp-json\/wp\/v2\/categories?post=994"},{"taxonomy":"post_tag","embeddable":true,"href":"https:\/\/ekosspiritus.hr\/index.php\/wp-json\/wp\/v2\/tags?post=994"}],"curies":[{"name":"wp","href":"https:\/\/api.w.org\/{rel}","templated":true}]}}